{"id":40955,"date":"2019-04-09T20:28:08","date_gmt":"2019-04-09T23:28:08","guid":{"rendered":"http:\/\/blogdoedvaldomagalhaes.com.br\/?p=40955"},"modified":"2019-04-09T20:28:10","modified_gmt":"2019-04-09T23:28:10","slug":"prefeitura-de-caruaru-comeca-programa-terra-arada-na-zona-rural","status":"publish","type":"post","link":"https:\/\/blogdoedvaldomagalhaes.com.br\/index.php\/2019\/04\/09\/prefeitura-de-caruaru-comeca-programa-terra-arada-na-zona-rural\/","title":{"rendered":"Prefeitura de Caruaru come\u00e7a \u201cPrograma Terra Arada\u201d na zona rural"},"content":{"rendered":"\n<p>A Prefeitura de Caruaru, atrav\u00e9s da Secretaria de Sustentabilidade e Desenvolvimento Rural (SUDER), iniciou nessa segunda-feira (8) o \u201cPrograma Terra Arada\u201d. A medida beneficiar\u00e1 mais de 750 fam\u00edlias dos quatro distritos do munic\u00edpio. S\u00f3 em abril a previs\u00e3o \u00e9 de que sejam arados 1.500 hectares de terra, totalizando 3 mil horas trabalhadas. O servi\u00e7o de ara\u00e7\u00e3o j\u00e1 \u00e9 oferecido durante todo o ano e foi intensificado ap\u00f3s as recentes chuvas.<\/p>\n\n\n\n<p>Agora, dez tratores atender\u00e3o aos agricultores nos meses de abril, maio e junho; a depender da demanda. \u201cTemos uma equipe que recolhe todos os dados da zona rural, dos agricultores que v\u00eam at\u00e9 a secretaria fazer as solicita\u00e7\u00f5es de m\u00e1quinas. A partir disso, montamos um cronograma de entrega desses servi\u00e7os. A gente precisa realmente dar esse apoio ao homem do campo com a ara\u00e7\u00e3o de terra para eles plantarem suas sementes\u201d, destacou o secret\u00e1rio de Sustentabilidade e Desenvolvimento Rural, Bruno Fran\u00e7a.<\/p>\n\n\n\n<p>O agricultor que deseja solicitar o servi\u00e7o de ara\u00e7\u00e3o de terra deve ir at\u00e9 a SUDER portando RG, CPF e o endere\u00e7o da localidade a ser beneficiada. A SUDER fica no Bloco C, localizado na Rua Rafael Cavalcanti, sem n\u00famero, bairro Pinheir\u00f3polis. O hor\u00e1rio de atendimento \u00e9 das 7h \u00e0s 13h.<\/p>\n","protected":false},"excerpt":{"rendered":"<p>A Prefeitura de Caruaru, atrav\u00e9s da Secretaria de Sustentabilidade e Desenvolvimento Rural (SUDER), iniciou nessa segunda-feira (8) o \u201cPrograma Terra&hellip;<\/p>\n","protected":false},"author":1,"featured_media":40956,"comment_status":"closed","ping_status":"open","sticky":false,"template":"","format":"standard","meta":{"footnotes":""},"categories":[14120],"tags":[2,14906],"class_list":["post-40955","post","type-post","status-publish","format-standard","has-post-thumbnail","hentry","category-noticias","tag-blog-do-edvaldo-magalhaes","tag-prefeitura-de-caruaru-comeca-programa-terra-arada-na-zona-rural"],"_links":{"self":[{"href":"https:\/\/blogdoedvaldomagalhaes.com.br\/index.php\/wp-json\/wp\/v2\/posts\/40955","targetHints":{"allow":["GET"]}}],"collection":[{"href":"https:\/\/blogdoedvaldomagalhaes.com.br\/index.php\/wp-json\/wp\/v2\/posts"}],"about":[{"href":"https:\/\/blogdoedvaldomagalhaes.com.br\/index.php\/wp-json\/wp\/v2\/types\/post"}],"author":[{"embeddable":true,"href":"https:\/\/blogdoedvaldomagalhaes.com.br\/index.php\/wp-json\/wp\/v2\/users\/1"}],"replies":[{"embeddable":true,"href":"https:\/\/blogdoedvaldomagalhaes.com.br\/index.php\/wp-json\/wp\/v2\/comments?post=40955"}],"version-history":[{"count":1,"href":"https:\/\/blogdoedvaldomagalhaes.com.br\/index.php\/wp-json\/wp\/v2\/posts\/40955\/revisions"}],"predecessor-version":[{"id":40957,"href":"https:\/\/blogdoedvaldomagalhaes.com.br\/index.php\/wp-json\/wp\/v2\/posts\/40955\/revisions\/40957"}],"wp:featuredmedia":[{"embeddable":true,"href":"https:\/\/blogdoedvaldomagalhaes.com.br\/index.php\/wp-json\/wp\/v2\/media\/40956"}],"wp:attachment":[{"href":"https:\/\/blogdoedvaldomagalhaes.com.br\/index.php\/wp-json\/wp\/v2\/media?parent=40955"}],"wp:term":[{"taxonomy":"category","embeddable":true,"href":"https:\/\/blogdoedvaldomagalhaes.com.br\/index.php\/wp-json\/wp\/v2\/categories?post=40955"},{"taxonomy":"post_tag","embeddable":true,"href":"https:\/\/blogdoedvaldomagalhaes.com.br\/index.php\/wp-json\/wp\/v2\/tags?post=40955"}],"curies":[{"name":"wp","href":"https:\/\/api.w.org\/{rel}","templated":true}]}}