{"id":40952,"date":"2019-04-09T20:15:35","date_gmt":"2019-04-09T23:15:35","guid":{"rendered":"http:\/\/blogdoedvaldomagalhaes.com.br\/?p=40952"},"modified":"2019-04-09T20:15:38","modified_gmt":"2019-04-09T23:15:38","slug":"filmes-gratuitos-no-sesc-caruaru-nesta-quarta-feira-10-confira","status":"publish","type":"post","link":"https:\/\/blogdoedvaldomagalhaes.com.br\/index.php\/2019\/04\/09\/filmes-gratuitos-no-sesc-caruaru-nesta-quarta-feira-10-confira\/","title":{"rendered":"Filmes gratuitos no Sesc Caruaru nesta quarta-feira (10); Confira"},"content":{"rendered":"\n<p>Tem in\u00edcio nesta quarta (10\/4) a programa\u00e7\u00e3o de abril do projeto CineSesc. Em tr\u00eas sess\u00f5es, \u00e0s 9h, 15h e 19h30, ser\u00e1 exibida a anima\u00e7\u00e3o \u201cMinha vida de abobrinha\u201d e o drama \u201cO que est\u00e1 por vir\u201d. As exibi\u00e7\u00f5es acontecem no Teatro Rui Limeira Rosal, que fica na rua de mesmo nome, no Bairro Petr\u00f3polis, sempre com entrada gratuita.<\/p>\n\n\n\n<p>\u201cMinha vida de abobrinha\u201d traz a hist\u00f3ria do sens\u00edvel menino Icare &#8211; apelidado de Abobrinha. Aos 9 anos, ele perde a m\u00e3e e \u00e9 deixado pela pol\u00edcia em um orfanato. Deslocado, neste novo universo, come\u00e7a a se relacionar com outras crian\u00e7as e descobre o significado da amizade e da confian\u00e7a. O longa tem dire\u00e7\u00e3o de Claude Barras e \u00e9 voltado para o p\u00fablico a partir de 10 anos de idade. No elenco: Gaspard Schlatter, Sixtine Murat, Paulin Jaccoud. Com 1h06 de dura\u00e7\u00e3o, o filme ter\u00e1 duas exibi\u00e7\u00f5es: \u00e0s 9h e \u00e0s 15h.<\/p>\n\n\n\n<p>\u201cO que est\u00e1 por vir\u201d mostra a hist\u00f3ria da professora de filosofia Nathalie. Casada h\u00e1 25 anos com outro educador, ela \u00e9 m\u00e3e de dois filhos e tem sua vida transformada. O longa tem dire\u00e7\u00e3o de Mia Hansen-L\u00f8ve e elenco de Isabelle Huppert, Andr\u00e9 Marcon e Roman Kolinka. O t\u00edtulo, que tem 1h38 de dura\u00e7\u00e3o, \u00e9 recomendado para maiores de 14 anos. A exibi\u00e7\u00e3o ser\u00e1 \u00e0s 19h30.<\/p>\n\n\n\n<p><strong>Sobre o projeto<\/strong>&nbsp;&#8211; O CineSesc \u00e9 um dos maiores circuitos de exibi\u00e7\u00e3o de filmes no pa\u00eds. Com mais de uma d\u00e9cada de exist\u00eancia, a iniciativa promove a circula\u00e7\u00e3o, difus\u00e3o e o acesso a produ\u00e7\u00f5es cinematogr\u00e1ficas nacionais e internacionais. Apresenta obras com formas narrativas impactantes e que trazem reflex\u00f5es sobre relevantes quest\u00f5es sociais, sempre alinhadas com os princ\u00edpios sociais que movem a Institui\u00e7\u00e3o, incentivando o debate em torno do cinema brasileiro e internacional, comercial ou independente, em um eixo educativo, art\u00edstico e cultural. Nessa perspectiva, o projeto prop\u00f5e um recorte tem\u00e1tico, com filmes que abordam assuntos sociais relevantes.&nbsp;Anualmente, o CineSesc licencia filmes que s\u00e3o exibidos nas unidades da Institui\u00e7\u00e3o durante 2 anos. O acervo passa por 250 munic\u00edpios, em 27 estados brasileiros. Em mais de uma d\u00e9cada, cerca de 3 milh\u00f5es de pessoas foram beneficiadas pela iniciativa.<\/p>\n","protected":false},"excerpt":{"rendered":"<p>Tem in\u00edcio nesta quarta (10\/4) a programa\u00e7\u00e3o de abril do projeto CineSesc. Em tr\u00eas sess\u00f5es, \u00e0s 9h, 15h e 19h30,&hellip;<\/p>\n","protected":false},"author":1,"featured_media":40953,"comment_status":"closed","ping_status":"open","sticky":false,"template":"","format":"standard","meta":{"footnotes":""},"categories":[14120],"tags":[2,14905],"class_list":["post-40952","post","type-post","status-publish","format-standard","has-post-thumbnail","hentry","category-noticias","tag-blog-do-edvaldo-magalhaes","tag-filmes-gratuitos-no-sesc-caruaru-nesta-quarta-feira-10-confira"],"_links":{"self":[{"href":"https:\/\/blogdoedvaldomagalhaes.com.br\/index.php\/wp-json\/wp\/v2\/posts\/40952","targetHints":{"allow":["GET"]}}],"collection":[{"href":"https:\/\/blogdoedvaldomagalhaes.com.br\/index.php\/wp-json\/wp\/v2\/posts"}],"about":[{"href":"https:\/\/blogdoedvaldomagalhaes.com.br\/index.php\/wp-json\/wp\/v2\/types\/post"}],"author":[{"embeddable":true,"href":"https:\/\/blogdoedvaldomagalhaes.com.br\/index.php\/wp-json\/wp\/v2\/users\/1"}],"replies":[{"embeddable":true,"href":"https:\/\/blogdoedvaldomagalhaes.com.br\/index.php\/wp-json\/wp\/v2\/comments?post=40952"}],"version-history":[{"count":1,"href":"https:\/\/blogdoedvaldomagalhaes.com.br\/index.php\/wp-json\/wp\/v2\/posts\/40952\/revisions"}],"predecessor-version":[{"id":40954,"href":"https:\/\/blogdoedvaldomagalhaes.com.br\/index.php\/wp-json\/wp\/v2\/posts\/40952\/revisions\/40954"}],"wp:featuredmedia":[{"embeddable":true,"href":"https:\/\/blogdoedvaldomagalhaes.com.br\/index.php\/wp-json\/wp\/v2\/media\/40953"}],"wp:attachment":[{"href":"https:\/\/blogdoedvaldomagalhaes.com.br\/index.php\/wp-json\/wp\/v2\/media?parent=40952"}],"wp:term":[{"taxonomy":"category","embeddable":true,"href":"https:\/\/blogdoedvaldomagalhaes.com.br\/index.php\/wp-json\/wp\/v2\/categories?post=40952"},{"taxonomy":"post_tag","embeddable":true,"href":"https:\/\/blogdoedvaldomagalhaes.com.br\/index.php\/wp-json\/wp\/v2\/tags?post=40952"}],"curies":[{"name":"wp","href":"https:\/\/api.w.org\/{rel}","templated":true}]}}