{"id":4095,"date":"2017-11-09T21:04:00","date_gmt":"2017-11-09T23:04:00","guid":{"rendered":"http:\/\/blogdoedvaldomagalhaes.com.br\/index.php\/2017\/11\/09\/escola-amiga-do-samu-contempla-unidades\/"},"modified":"2019-02-09T01:52:06","modified_gmt":"2019-02-09T03:52:06","slug":"escola-amiga-do-samu-contempla-unidades","status":"publish","type":"post","link":"https:\/\/blogdoedvaldomagalhaes.com.br\/index.php\/2017\/11\/09\/escola-amiga-do-samu-contempla-unidades\/","title":{"rendered":"Escola Amiga do SAMU contempla unidades de ensino de Caruaru"},"content":{"rendered":"<div class=\"separator\" style=\"clear: both; text-align: center;\">\n<a href=\"https:\/\/1.bp.blogspot.com\/-mM6WChYIkpw\/WgTCmPRWkgI\/AAAAAAAAjyk\/ENI7Y5ClyLEJpca1lVXTvvIY3kZx4teTgCLcBGAs\/s1600\/samu.jpg\" imageanchor=\"1\" style=\"margin-left: 1em; margin-right: 1em;\"><img loading=\"lazy\" decoding=\"async\" border=\"0\" data-original-height=\"853\" data-original-width=\"1280\" height=\"266\" src=\"http:\/\/blogdoedvaldomagalhaes.com.br\/wp-content\/uploads\/2017\/11\/samu.jpg\" width=\"400\" \/><\/a><\/div>\n<div class=\"MsoNormal\" style=\"line-height: 150%; text-align: justify;\">\n<\/div>\n<div class=\"MsoNormal\" style=\"line-height: 150%; text-align: justify;\">\nA partir da pr\u00f3xima segunda-feira (13), as escolas<br \/>\np\u00fablicas de Caruaru ser\u00e3o contempladas com a segunda fase do projeto \u201cEscola Amiga<br \/>\ndo SAMU\u201d, que faz parte do programa Aprender com Sa\u00fade, desenvolvido atrav\u00e9s de<br \/>\numa parceria entre as Secretarias de Sa\u00fade e de Educa\u00e7\u00e3o do munic\u00edpio.<\/div>\n<div class=\"MsoNormal\" style=\"line-height: 150%; text-align: justify;\">\n <\/div>\n<div class=\"MsoNormal\" style=\"line-height: 150%; text-align: justify;\">\nO programa qualifica alunos e<br \/>\nprofessores a como identificar, abordar e agir em rela\u00e7\u00e3o \u00e0s v\u00edtimas que<br \/>\nnecessitam de primeiros socorros ou cuidados imediatos, al\u00e9m de conhecer o<br \/>\nfuncionamento do servi\u00e7o e alertar sobre os trotes. A princ\u00edpio,<br \/>\ndez escolas tiveram dois alunos e um professor, de cada turno, participando da<br \/>\ncapacita\u00e7\u00e3o de preven\u00e7\u00e3o de acidentes e viol\u00eancia do SAMU, que aconteceu em<br \/>\noutubro, e est\u00e3o aptos a prestar o atendimento de primeiros socorros nas<br \/>\nunidades de ensino, al\u00e9m de serem agentes multiplicadores nas escolas. Ao todo<br \/>\nforam capacitadas 96 pessoas, entre estudantes e educadores.<\/div>\n<div class=\"MsoNormal\" style=\"line-height: 150%; text-align: justify;\">\n<\/div>\n<div class=\"MsoNormal\" style=\"line-height: 150%; text-align: justify;\">\nA primeira unidade contemplada ser\u00e1 a Escola<br \/>\nMunicipal Professor Luiz Pessoa da Silva, localizada no Vassoural, que vai<br \/>\nreceber um kit de primeiros socorros, demonstra\u00e7\u00e3o de atendimento de emerg\u00eancia,<br \/>\nque ser\u00e1 executado pelos alunos e professores que participaram do treinamento, palestras<br \/>\npara conhecer como funciona o servi\u00e7o do SAMU e esclarecer os perigos do trote,<br \/>\nal\u00e9m de entregar os certificados de \u201cEscola Amiga do SAMU\u201d para a institui\u00e7\u00e3o e<br \/>\n\u201cAmigo do SAMU\u201d para os alunos e professores que fizeram a capacita\u00e7\u00e3o.<\/div>\n<div class=\"MsoNormal\" style=\"line-height: 150%; text-align: justify;\">\n<\/div>\n<div class=\"MsoNormal\" style=\"line-height: 150%;\">\n<b>Escolas<br \/>\ncontempladas em novembro:<\/b><\/div>\n<div class=\"MsoNormal\" style=\"line-height: 150%;\">\n13\/11 \u2013 Escola Municipal<br \/>\nProfessor Luiz Pessoa da Silva (Vassoural)<\/div>\n<div class=\"MsoNormal\" style=\"line-height: 150%;\">\n16\/11 \u2013 Escola Municipal<br \/>\nJos\u00e9lia Flor\u00eancio (S\u00e3o Jo\u00e3o da Esc\u00f3cia)<\/div>\n<div class=\"MsoNormal\" style=\"line-height: 150%;\">\n20\/11 \u2013 Escola Municipal Santos<br \/>\nAnjos (Vila Kennedy)<\/div>\n<div class=\"MsoNormal\" style=\"line-height: 150%;\">\n21\/11 \u2013 Escola Municipal Laura<br \/>\nFlor\u00eancio (Salgado)<\/div>\n<p><\/p>\n<div class=\"MsoNormal\" style=\"line-height: 150%;\">\n30\/11 \u2013 Escola Municipal<br \/>\nProfessor Leudo Valen\u00e7a (Rendeiras)<\/div>\n","protected":false},"excerpt":{"rendered":"<p>A partir da pr\u00f3xima segunda-feira (13), as escolas p\u00fablicas de Caruaru ser\u00e3o contempladas com a segunda fase do projeto \u201cEscola&hellip;<\/p>\n","protected":false},"author":1,"featured_media":0,"comment_status":"open","ping_status":"open","sticky":false,"template":"","format":"standard","meta":{"footnotes":""},"categories":[1],"tags":[2,5000,6],"class_list":["post-4095","post","type-post","status-publish","format-standard","hentry","category-sem-categoria","tag-blog-do-edvaldo-magalhaes","tag-escola-amiga-do-samu-contempla-unidades-de-ensino-de-caruaru","tag-noticias"],"_links":{"self":[{"href":"https:\/\/blogdoedvaldomagalhaes.com.br\/index.php\/wp-json\/wp\/v2\/posts\/4095","targetHints":{"allow":["GET"]}}],"collection":[{"href":"https:\/\/blogdoedvaldomagalhaes.com.br\/index.php\/wp-json\/wp\/v2\/posts"}],"about":[{"href":"https:\/\/blogdoedvaldomagalhaes.com.br\/index.php\/wp-json\/wp\/v2\/types\/post"}],"author":[{"embeddable":true,"href":"https:\/\/blogdoedvaldomagalhaes.com.br\/index.php\/wp-json\/wp\/v2\/users\/1"}],"replies":[{"embeddable":true,"href":"https:\/\/blogdoedvaldomagalhaes.com.br\/index.php\/wp-json\/wp\/v2\/comments?post=4095"}],"version-history":[{"count":1,"href":"https:\/\/blogdoedvaldomagalhaes.com.br\/index.php\/wp-json\/wp\/v2\/posts\/4095\/revisions"}],"predecessor-version":[{"id":26001,"href":"https:\/\/blogdoedvaldomagalhaes.com.br\/index.php\/wp-json\/wp\/v2\/posts\/4095\/revisions\/26001"}],"wp:attachment":[{"href":"https:\/\/blogdoedvaldomagalhaes.com.br\/index.php\/wp-json\/wp\/v2\/media?parent=4095"}],"wp:term":[{"taxonomy":"category","embeddable":true,"href":"https:\/\/blogdoedvaldomagalhaes.com.br\/index.php\/wp-json\/wp\/v2\/categories?post=4095"},{"taxonomy":"post_tag","embeddable":true,"href":"https:\/\/blogdoedvaldomagalhaes.com.br\/index.php\/wp-json\/wp\/v2\/tags?post=4095"}],"curies":[{"name":"wp","href":"https:\/\/api.w.org\/{rel}","templated":true}]}}