{"id":40941,"date":"2019-04-09T18:08:06","date_gmt":"2019-04-09T21:08:06","guid":{"rendered":"http:\/\/blogdoedvaldomagalhaes.com.br\/?p=40941"},"modified":"2019-04-09T18:08:10","modified_gmt":"2019-04-09T21:08:10","slug":"campanha-nacional-de-vacinacao-contra-a-gripe-comeca-nesta-quarta-10","status":"publish","type":"post","link":"https:\/\/blogdoedvaldomagalhaes.com.br\/index.php\/2019\/04\/09\/campanha-nacional-de-vacinacao-contra-a-gripe-comeca-nesta-quarta-10\/","title":{"rendered":"Campanha Nacional de Vacina\u00e7\u00e3o contra a gripe come\u00e7a nesta quarta (10)"},"content":{"rendered":"\n<p>A Secretaria de Sa\u00fade de Caruaru inicia nesta quarta-feira (10), a Campanha de Vacina\u00e7\u00e3o contra a Influenza. At\u00e9 o dia 31 de maio, todas as unidades b\u00e1sicas e centros de sa\u00fade estar\u00e3o vacinando as pessoas do grupo priorit\u00e1rio. O \u201cDia D\u201d da campanha est\u00e1 marcado para 04 de maio.<\/p>\n\n\n\n<p>Este ano a estrat\u00e9gia ser\u00e1 realizada considerando momentos espec\u00edficos para a mobiliza\u00e7\u00e3o da popula\u00e7\u00e3o para a vacina\u00e7\u00e3o. No per\u00edodo de 10 a 19 de abril (pr\u00e9-campanha), ser\u00e3o mobilizados os grupos priorit\u00e1rios de crian\u00e7as e gestantes para a vacina\u00e7\u00e3o contra influenza, na ocasi\u00e3o, tamb\u00e9m ocorrer\u00e1 a atualiza\u00e7\u00e3o da Caderneta de Vacina\u00e7\u00e3o com a oferta das demais vacinas do Calend\u00e1rio Nacional de Vacina\u00e7\u00e3o. <\/p>\n\n\n\n<p>A partir de 20 de abril, a vacina\u00e7\u00e3o contra influenza ocorrer\u00e1 com a mobiliza\u00e7\u00e3o de todos os grupos priorit\u00e1rios em todo o pa\u00eds e, na ocasi\u00e3o, tamb\u00e9m ocorrer\u00e1 a atualiza\u00e7\u00e3o da Caderneta de Vacina\u00e7\u00e3o das crian\u00e7as, das gestantes e das pu\u00e9rperas com a oferta das demais vacinas do Calend\u00e1rio Nacional de Vacina\u00e7\u00e3o.<\/p>\n\n\n\n<p>Os grupos priorit\u00e1rios para vacina\u00e7\u00e3o s\u00e3o compostos por: gestantes, mulheres no per\u00edodo de at\u00e9 45 dias p\u00f3s-parto, crian\u00e7as de seis meses a menores de 5 anos, trabalhadores de sa\u00fade, povos ind\u00edgenas, indiv\u00edduos acima de 60 anos, pessoas portadoras de doen\u00e7as cr\u00f4nicas n\u00e3o transmiss\u00edveis ou que possuam condi\u00e7\u00f5es cl\u00ednicas especiais com apresenta\u00e7\u00e3o de prescri\u00e7\u00e3o m\u00e9dica, professores da rede p\u00fablica e particular, popula\u00e7\u00e3o privada de liberdade e funcion\u00e1rios do sistema prisional.<\/p>\n","protected":false},"excerpt":{"rendered":"<p>A Secretaria de Sa\u00fade de Caruaru inicia nesta quarta-feira (10), a Campanha de Vacina\u00e7\u00e3o contra a Influenza. At\u00e9 o dia&hellip;<\/p>\n","protected":false},"author":1,"featured_media":40942,"comment_status":"closed","ping_status":"open","sticky":false,"template":"","format":"standard","meta":{"footnotes":""},"categories":[14120],"tags":[2,14903],"class_list":["post-40941","post","type-post","status-publish","format-standard","has-post-thumbnail","hentry","category-noticias","tag-blog-do-edvaldo-magalhaes","tag-campanha-nacional-de-vacinacao-contra-a-gripe-comeca-nesta-quarta-10"],"_links":{"self":[{"href":"https:\/\/blogdoedvaldomagalhaes.com.br\/index.php\/wp-json\/wp\/v2\/posts\/40941","targetHints":{"allow":["GET"]}}],"collection":[{"href":"https:\/\/blogdoedvaldomagalhaes.com.br\/index.php\/wp-json\/wp\/v2\/posts"}],"about":[{"href":"https:\/\/blogdoedvaldomagalhaes.com.br\/index.php\/wp-json\/wp\/v2\/types\/post"}],"author":[{"embeddable":true,"href":"https:\/\/blogdoedvaldomagalhaes.com.br\/index.php\/wp-json\/wp\/v2\/users\/1"}],"replies":[{"embeddable":true,"href":"https:\/\/blogdoedvaldomagalhaes.com.br\/index.php\/wp-json\/wp\/v2\/comments?post=40941"}],"version-history":[{"count":1,"href":"https:\/\/blogdoedvaldomagalhaes.com.br\/index.php\/wp-json\/wp\/v2\/posts\/40941\/revisions"}],"predecessor-version":[{"id":40943,"href":"https:\/\/blogdoedvaldomagalhaes.com.br\/index.php\/wp-json\/wp\/v2\/posts\/40941\/revisions\/40943"}],"wp:featuredmedia":[{"embeddable":true,"href":"https:\/\/blogdoedvaldomagalhaes.com.br\/index.php\/wp-json\/wp\/v2\/media\/40942"}],"wp:attachment":[{"href":"https:\/\/blogdoedvaldomagalhaes.com.br\/index.php\/wp-json\/wp\/v2\/media?parent=40941"}],"wp:term":[{"taxonomy":"category","embeddable":true,"href":"https:\/\/blogdoedvaldomagalhaes.com.br\/index.php\/wp-json\/wp\/v2\/categories?post=40941"},{"taxonomy":"post_tag","embeddable":true,"href":"https:\/\/blogdoedvaldomagalhaes.com.br\/index.php\/wp-json\/wp\/v2\/tags?post=40941"}],"curies":[{"name":"wp","href":"https:\/\/api.w.org\/{rel}","templated":true}]}}