{"id":4094,"date":"2017-11-09T21:07:00","date_gmt":"2017-11-09T23:07:00","guid":{"rendered":"http:\/\/blogdoedvaldomagalhaes.com.br\/index.php\/2017\/11\/09\/12-gran-prix-de-ciclismo-no-autodromo\/"},"modified":"2019-02-09T01:52:07","modified_gmt":"2019-02-09T03:52:07","slug":"12-gran-prix-de-ciclismo-no-autodromo","status":"publish","type":"post","link":"https:\/\/blogdoedvaldomagalhaes.com.br\/index.php\/2017\/11\/09\/12-gran-prix-de-ciclismo-no-autodromo\/","title":{"rendered":"12\u00aa Gran Prix de Ciclismo no Aut\u00f3dromo de Caruaru domingo (12)"},"content":{"rendered":"<div class=\"separator\" style=\"clear: both; text-align: center;\">\n<a href=\"https:\/\/4.bp.blogspot.com\/-gEO8-Okzh-o\/WgTDPD4vcRI\/AAAAAAAAjyw\/fzcurmq1plQOPnmGA_LssoT3YN07aniGQCLcBGAs\/s1600\/biciclreta.jpeg\" imageanchor=\"1\" style=\"margin-left: 1em; margin-right: 1em;\"><img loading=\"lazy\" decoding=\"async\" border=\"0\" data-original-height=\"827\" data-original-width=\"589\" height=\"400\" src=\"http:\/\/blogdoedvaldomagalhaes.com.br\/wp-content\/uploads\/2017\/11\/biciclreta.jpeg\" width=\"281\" \/><\/a><\/div>\n<div class=\"MsoNormal\" style=\"line-height: 115%; text-align: justify;\">\n<\/div>\n<div class=\"MsoNormal\" style=\"line-height: 115%; text-align: justify;\">\nNeste<br \/>\ndomingo (12), o Aut\u00f3dromo Internacional Ayrton Senna, de Caruaru, ser\u00e1 a casa<br \/>\ndo ciclista com a 12\u00aa edi\u00e7\u00e3o do Gran Prix de Ciclismo. O evento contar\u00e1 com a<br \/>\nparticipa\u00e7\u00e3o de mais de 400 ciclistas de sete estados brasileiros, e tamb\u00e9m atletas<br \/>\nda It\u00e1lia que estar\u00e3o disputando em 20 Categorias. Ser\u00e3o R$ 6 mil em pr\u00eamios.<\/div>\n<div class=\"MsoNormal\" style=\"line-height: 115%; text-align: justify;\">\n<\/div>\n<div class=\"MsoNormal\" style=\"line-height: 115%; text-align: justify;\">\nA organiza\u00e7\u00e3o do Gran Prix formatou o evento<br \/>\ncom o intuito de massificar o modalidade e divulgar Caruaru como potencial do<br \/>\nesporte no Brasil, j\u00e1 que o ciclismo \u00e9 largamente praticado na Capital do<br \/>\nAgreste.&nbsp;<\/div>\n<div class=\"MsoNormal\" style=\"line-height: 115%; text-align: justify;\">\n<\/div>\n<div class=\"MsoNormal\" style=\"line-height: 115%; text-align: justify;\">\nA Associa\u00e7\u00e3o Caruaruense de Ciclismo, na pessoa de Josu\u00e9 Oliveira,<br \/>\nmais conhecido como \u2018Mamola Cycle\u2019, \u00e9 quem est\u00e1 \u00e0 frente da realiza\u00e7\u00e3o. A Secretaria<br \/>\nde Desenvolvimento Social e Direitos Humanos da Prefeitura de Caruaru est\u00e1<br \/>\napoiando a a\u00e7\u00e3o, atrav\u00e9s da Gerencia de Esportes e Lazer e da Funda\u00e7\u00e3o de<br \/>\nCultura e Turismo.<\/div>\n<p><\/p>\n<div class=\"MsoNormal\" style=\"line-height: 115%; text-align: justify;\">\n<\/div>\n","protected":false},"excerpt":{"rendered":"<p>Neste domingo (12), o Aut\u00f3dromo Internacional Ayrton Senna, de Caruaru, ser\u00e1 a casa do ciclista com a 12\u00aa edi\u00e7\u00e3o do&hellip;<\/p>\n","protected":false},"author":1,"featured_media":0,"comment_status":"open","ping_status":"open","sticky":false,"template":"","format":"standard","meta":{"footnotes":""},"categories":[1],"tags":[4999,2,6,2107],"class_list":["post-4094","post","type-post","status-publish","format-standard","hentry","category-sem-categoria","tag-12a-gran-prix-de-ciclismo-no-autodromo-de-caruaru-domingo-12","tag-blog-do-edvaldo-magalhaes","tag-noticias","tag-ultimas-noticias-de-caruaru"],"_links":{"self":[{"href":"https:\/\/blogdoedvaldomagalhaes.com.br\/index.php\/wp-json\/wp\/v2\/posts\/4094","targetHints":{"allow":["GET"]}}],"collection":[{"href":"https:\/\/blogdoedvaldomagalhaes.com.br\/index.php\/wp-json\/wp\/v2\/posts"}],"about":[{"href":"https:\/\/blogdoedvaldomagalhaes.com.br\/index.php\/wp-json\/wp\/v2\/types\/post"}],"author":[{"embeddable":true,"href":"https:\/\/blogdoedvaldomagalhaes.com.br\/index.php\/wp-json\/wp\/v2\/users\/1"}],"replies":[{"embeddable":true,"href":"https:\/\/blogdoedvaldomagalhaes.com.br\/index.php\/wp-json\/wp\/v2\/comments?post=4094"}],"version-history":[{"count":1,"href":"https:\/\/blogdoedvaldomagalhaes.com.br\/index.php\/wp-json\/wp\/v2\/posts\/4094\/revisions"}],"predecessor-version":[{"id":26003,"href":"https:\/\/blogdoedvaldomagalhaes.com.br\/index.php\/wp-json\/wp\/v2\/posts\/4094\/revisions\/26003"}],"wp:attachment":[{"href":"https:\/\/blogdoedvaldomagalhaes.com.br\/index.php\/wp-json\/wp\/v2\/media?parent=4094"}],"wp:term":[{"taxonomy":"category","embeddable":true,"href":"https:\/\/blogdoedvaldomagalhaes.com.br\/index.php\/wp-json\/wp\/v2\/categories?post=4094"},{"taxonomy":"post_tag","embeddable":true,"href":"https:\/\/blogdoedvaldomagalhaes.com.br\/index.php\/wp-json\/wp\/v2\/tags?post=4094"}],"curies":[{"name":"wp","href":"https:\/\/api.w.org\/{rel}","templated":true}]}}