{"id":40936,"date":"2019-04-09T16:34:28","date_gmt":"2019-04-09T19:34:28","guid":{"rendered":"http:\/\/blogdoedvaldomagalhaes.com.br\/?p=40936"},"modified":"2019-04-09T16:40:21","modified_gmt":"2019-04-09T19:40:21","slug":"adolescentes-da-funase-caruaru-inscritos-em-cursos-profissionalizantes","status":"publish","type":"post","link":"https:\/\/blogdoedvaldomagalhaes.com.br\/index.php\/2019\/04\/09\/adolescentes-da-funase-caruaru-inscritos-em-cursos-profissionalizantes\/","title":{"rendered":"Adolescentes da Funase Caruaru inscritos em cursos profissionalizantes"},"content":{"rendered":"\n<p>Em mais uma parceria de sucesso e resultados, a Esta\u00e7\u00e3o do Governo Presente Caruaru atrav\u00e9s do programa Juventude Presente, inseriu 15 adolescentes e 01 agente socioeducativo do Casem Caruaru em cursos profissionalizantes do Prepara Cursos. 09 adolescentes optaram por atendimento em farm\u00e1cia, 05 em vendas e o agente socioeducativo, o qual ser\u00e1 um multiplicador na unidade, optou pelo atendimento em farm\u00e1cia. O objetivo da inser\u00e7\u00e3o do agente se d\u00e1 atrav\u00e9s do projeto: &#8220;Cuidando do Cuidador\u201d, da pr\u00f3pria Unidade, que oportuniza os educadores para participem das atividades junto os adolescentes.<\/p>\n\n\n\n<p>As aulas inaugurais acontecer\u00e3o hoje (09), para o curso de vendas, e quarta \u2013 feira (10), para atendimento em farm\u00e1cia. Ficando as aulas semanais na pr\u00f3pria sede do curso, totalizando 16h\/aula em um per\u00edodo de dois meses. Al\u00e9m do aprendizado t\u00e9cnico, os socioeducandos ser\u00e3o preparados para o mercado de trabalho, pois os mesmos seguem as necessidades das empresas que empregam profissionais formados nas \u00e1reas afins.<\/p>\n\n\n\n<figure class=\"wp-block-image\"><img loading=\"lazy\" decoding=\"async\" width=\"768\" height=\"1024\" src=\"http:\/\/blogdoedvaldomagalhaes.com.br\/wp-content\/uploads\/2019\/04\/IMG-20190409-WA0051-768x1024.jpg\" alt=\"\" class=\"wp-image-40939\" srcset=\"https:\/\/blogdoedvaldomagalhaes.com.br\/wp-content\/uploads\/2019\/04\/IMG-20190409-WA0051-768x1024.jpg 768w, https:\/\/blogdoedvaldomagalhaes.com.br\/wp-content\/uploads\/2019\/04\/IMG-20190409-WA0051-225x300.jpg 225w, https:\/\/blogdoedvaldomagalhaes.com.br\/wp-content\/uploads\/2019\/04\/IMG-20190409-WA0051.jpg 864w\" sizes=\"auto, (max-width: 768px) 100vw, 768px\" \/><\/figure>\n\n\n\n<p>\u201cO nosso programa visa ofertar capacita\u00e7\u00e3o a adolescentes e jovens que n\u00e3o tiveram oportunidades para ingressar no mercado. Em especial, jovens da periferia, que n\u00e3o estudam e principalmente aos egressos do sistema socioeducativo para que possam ter oportunidades na vida e uma transforma\u00e7\u00e3o social\u201d, pontuou Mila Aguiar, Secret\u00e1ria Executiva de Articula\u00e7\u00e3o e Preven\u00e7\u00e3o Social ao Crime e \u00e0 Viol\u00eancia.<\/p>\n\n\n\n<p>\u201cEsses cursos despertam os nossos adolescentes, os motivam para um futuro promissor. Buscamos sempre por essas parcerias, \u00e9 uma busca constante, n\u00e3o s\u00f3 para nossos adolescentes, mas tamb\u00e9m para os nossos agentes, que se tornam multiplicadores do bem. \u00c9 o nosso projeto cuidando do cuidador, que vem sendo destaque e sucesso em nossa Unidade\u201d, frisou Anabel Brand\u00e3o, coordenadora do Case Caruaru.<\/p>\n\n\n\n<p>O programa Juventude Presente \u00e9 uma estrat\u00e9gia de preven\u00e7\u00e3o \u00e0 viol\u00eancia do governo, no \u00e2mbito do Pacto Pela Vida e \u00e9 coordenado pela Secretaria Executiva de Articula\u00e7\u00e3o Social, da Secretaria de Pol\u00edticas de Preven\u00e7\u00e3o \u00e0 Viol\u00eancia e \u00e0s Drogas \u2013 SPDV. Ao todo j\u00e1 foram inseridos mais de 2.400 adolescentes em todo estado, divididas entre os cursos de ingl\u00eas, empregabilidade, atendente de farm\u00e1cia e vendas, introdu\u00e7\u00e3o a hotelaria e turismo, excel\u00eancia no atendimento, todos gratuitos.<\/p>\n\n\n\n<p>Informa\u00e7\u00f5es: Henrique Figueir\u00f4a-Jornalista<br><\/p>\n","protected":false},"excerpt":{"rendered":"<p>Em mais uma parceria de sucesso e resultados, a Esta\u00e7\u00e3o do Governo Presente Caruaru atrav\u00e9s do programa Juventude Presente, inseriu&hellip;<\/p>\n","protected":false},"author":1,"featured_media":40937,"comment_status":"closed","ping_status":"open","sticky":false,"template":"","format":"standard","meta":{"footnotes":""},"categories":[14120],"tags":[14902,2],"class_list":["post-40936","post","type-post","status-publish","format-standard","has-post-thumbnail","hentry","category-noticias","tag-adolescentes-da-funase-caruaru-inscritos-em-cursos-profissionalizantes","tag-blog-do-edvaldo-magalhaes"],"_links":{"self":[{"href":"https:\/\/blogdoedvaldomagalhaes.com.br\/index.php\/wp-json\/wp\/v2\/posts\/40936","targetHints":{"allow":["GET"]}}],"collection":[{"href":"https:\/\/blogdoedvaldomagalhaes.com.br\/index.php\/wp-json\/wp\/v2\/posts"}],"about":[{"href":"https:\/\/blogdoedvaldomagalhaes.com.br\/index.php\/wp-json\/wp\/v2\/types\/post"}],"author":[{"embeddable":true,"href":"https:\/\/blogdoedvaldomagalhaes.com.br\/index.php\/wp-json\/wp\/v2\/users\/1"}],"replies":[{"embeddable":true,"href":"https:\/\/blogdoedvaldomagalhaes.com.br\/index.php\/wp-json\/wp\/v2\/comments?post=40936"}],"version-history":[{"count":2,"href":"https:\/\/blogdoedvaldomagalhaes.com.br\/index.php\/wp-json\/wp\/v2\/posts\/40936\/revisions"}],"predecessor-version":[{"id":40940,"href":"https:\/\/blogdoedvaldomagalhaes.com.br\/index.php\/wp-json\/wp\/v2\/posts\/40936\/revisions\/40940"}],"wp:featuredmedia":[{"embeddable":true,"href":"https:\/\/blogdoedvaldomagalhaes.com.br\/index.php\/wp-json\/wp\/v2\/media\/40937"}],"wp:attachment":[{"href":"https:\/\/blogdoedvaldomagalhaes.com.br\/index.php\/wp-json\/wp\/v2\/media?parent=40936"}],"wp:term":[{"taxonomy":"category","embeddable":true,"href":"https:\/\/blogdoedvaldomagalhaes.com.br\/index.php\/wp-json\/wp\/v2\/categories?post=40936"},{"taxonomy":"post_tag","embeddable":true,"href":"https:\/\/blogdoedvaldomagalhaes.com.br\/index.php\/wp-json\/wp\/v2\/tags?post=40936"}],"curies":[{"name":"wp","href":"https:\/\/api.w.org\/{rel}","templated":true}]}}