{"id":40929,"date":"2019-04-09T14:23:56","date_gmt":"2019-04-09T17:23:56","guid":{"rendered":"http:\/\/blogdoedvaldomagalhaes.com.br\/?p=40929"},"modified":"2019-04-09T14:23:58","modified_gmt":"2019-04-09T17:23:58","slug":"lancada-a-frente-parlamentar-de-seguranca-publica-na-alepe","status":"publish","type":"post","link":"https:\/\/blogdoedvaldomagalhaes.com.br\/index.php\/2019\/04\/09\/lancada-a-frente-parlamentar-de-seguranca-publica-na-alepe\/","title":{"rendered":"Lan\u00e7ada a Frente Parlamentar de Seguran\u00e7a P\u00fablica na Alepe"},"content":{"rendered":"\n<p>Na manh\u00e3 desta ter\u00e7a-feira, 09, ocorreu o lan\u00e7amento da Frente Parlamentar de Seguran\u00e7a P\u00fablica na Assembleia Legislativa de Pernambuco (Alepe). Durante a ocasi\u00e3o, o coordenador geral da Frente, deputado Delegado Lessa (Progressistas) apresentou a estrat\u00e9gia de atua\u00e7\u00e3o do colegiado. Entre as atividades previstas, est\u00e3o a articula\u00e7\u00e3o com o programa Pacto Pela Vida, o monitoramento das a\u00e7\u00f5es do governo e o fomento de di\u00e1logo com os mais diversos setores da sociedade.<\/p>\n\n\n\n<figure class=\"wp-block-image\"><img loading=\"lazy\" decoding=\"async\" width=\"1024\" height=\"682\" src=\"http:\/\/blogdoedvaldomagalhaes.com.br\/wp-content\/uploads\/2019\/04\/Frente-Parlamentar-de-Seguran\u00e7a-P\u00fablica-Viliane-Gomes-09-04-2019-3-1024x682.jpeg\" alt=\"\" class=\"wp-image-40931\" srcset=\"https:\/\/blogdoedvaldomagalhaes.com.br\/wp-content\/uploads\/2019\/04\/Frente-Parlamentar-de-Seguran\u00e7a-P\u00fablica-Viliane-Gomes-09-04-2019-3-1024x682.jpeg 1024w, https:\/\/blogdoedvaldomagalhaes.com.br\/wp-content\/uploads\/2019\/04\/Frente-Parlamentar-de-Seguran\u00e7a-P\u00fablica-Viliane-Gomes-09-04-2019-3-300x200.jpeg 300w, https:\/\/blogdoedvaldomagalhaes.com.br\/wp-content\/uploads\/2019\/04\/Frente-Parlamentar-de-Seguran\u00e7a-P\u00fablica-Viliane-Gomes-09-04-2019-3-768x512.jpeg 768w, https:\/\/blogdoedvaldomagalhaes.com.br\/wp-content\/uploads\/2019\/04\/Frente-Parlamentar-de-Seguran\u00e7a-P\u00fablica-Viliane-Gomes-09-04-2019-3.jpeg 1280w\" sizes=\"auto, (max-width: 1024px) 100vw, 1024px\" \/><\/figure>\n\n\n\n<p>Para o deputado Delegado Lessa, o colegiado visa ao desenvolvimento de um trabalho eficiente, produtivo e propositivo. \u201cQueremos que as reuni\u00f5es sejam descentralizadas, ou seja, pr\u00f3ximas da popula\u00e7\u00e3o, para que possamos apresentar propostas de solu\u00e7\u00f5es para os problemas que atingem as pessoas na \u00e1rea de seguran\u00e7a p\u00fablica\u201d, afirma, salientando que o aspecto preventivo, principalmente por meio da educa\u00e7\u00e3o, \u00e9 fundamental para a garantia da seguran\u00e7a p\u00fablica.<\/p>\n\n\n\n<figure class=\"wp-block-image\"><img loading=\"lazy\" decoding=\"async\" width=\"1024\" height=\"682\" src=\"http:\/\/blogdoedvaldomagalhaes.com.br\/wp-content\/uploads\/2019\/04\/Frente-Parlamentar-de-Seguran\u00e7a-P\u00fablica-Viliane-Gomes-09-04-2019-4-1024x682.jpeg\" alt=\"\" class=\"wp-image-40932\" srcset=\"https:\/\/blogdoedvaldomagalhaes.com.br\/wp-content\/uploads\/2019\/04\/Frente-Parlamentar-de-Seguran\u00e7a-P\u00fablica-Viliane-Gomes-09-04-2019-4-1024x682.jpeg 1024w, https:\/\/blogdoedvaldomagalhaes.com.br\/wp-content\/uploads\/2019\/04\/Frente-Parlamentar-de-Seguran\u00e7a-P\u00fablica-Viliane-Gomes-09-04-2019-4-300x200.jpeg 300w, https:\/\/blogdoedvaldomagalhaes.com.br\/wp-content\/uploads\/2019\/04\/Frente-Parlamentar-de-Seguran\u00e7a-P\u00fablica-Viliane-Gomes-09-04-2019-4-768x512.jpeg 768w, https:\/\/blogdoedvaldomagalhaes.com.br\/wp-content\/uploads\/2019\/04\/Frente-Parlamentar-de-Seguran\u00e7a-P\u00fablica-Viliane-Gomes-09-04-2019-4.jpeg 1280w\" sizes=\"auto, (max-width: 1024px) 100vw, 1024px\" \/><figcaption> <br>Fotos: Viliane Gomes <\/figcaption><\/figure>\n\n\n\n<p>Com coordena\u00e7\u00e3o do Delegado Lessa, os integrantes da Frente Parlamentar\ns\u00e3o os deputados estaduais Delegada Gleide \u00c2ngelo (PSB), \u00c1lvaro Porto (PTB),\nAlberto Feitosa (SD), Joel da Harpa (PP), Fabr\u00edzio Ferraz (PHS) e Lucas Ramos\n(PSB).<\/p>\n","protected":false},"excerpt":{"rendered":"<p>Na manh\u00e3 desta ter\u00e7a-feira, 09, ocorreu o lan\u00e7amento da Frente Parlamentar de Seguran\u00e7a P\u00fablica na Assembleia Legislativa de Pernambuco (Alepe).&hellip;<\/p>\n","protected":false},"author":1,"featured_media":40930,"comment_status":"closed","ping_status":"open","sticky":false,"template":"","format":"standard","meta":{"footnotes":""},"categories":[14122],"tags":[2,14901],"class_list":["post-40929","post","type-post","status-publish","format-standard","has-post-thumbnail","hentry","category-politica","tag-blog-do-edvaldo-magalhaes","tag-lancada-a-frente-parlamentar-de-seguranca-publica-na-alepe"],"_links":{"self":[{"href":"https:\/\/blogdoedvaldomagalhaes.com.br\/index.php\/wp-json\/wp\/v2\/posts\/40929","targetHints":{"allow":["GET"]}}],"collection":[{"href":"https:\/\/blogdoedvaldomagalhaes.com.br\/index.php\/wp-json\/wp\/v2\/posts"}],"about":[{"href":"https:\/\/blogdoedvaldomagalhaes.com.br\/index.php\/wp-json\/wp\/v2\/types\/post"}],"author":[{"embeddable":true,"href":"https:\/\/blogdoedvaldomagalhaes.com.br\/index.php\/wp-json\/wp\/v2\/users\/1"}],"replies":[{"embeddable":true,"href":"https:\/\/blogdoedvaldomagalhaes.com.br\/index.php\/wp-json\/wp\/v2\/comments?post=40929"}],"version-history":[{"count":1,"href":"https:\/\/blogdoedvaldomagalhaes.com.br\/index.php\/wp-json\/wp\/v2\/posts\/40929\/revisions"}],"predecessor-version":[{"id":40933,"href":"https:\/\/blogdoedvaldomagalhaes.com.br\/index.php\/wp-json\/wp\/v2\/posts\/40929\/revisions\/40933"}],"wp:featuredmedia":[{"embeddable":true,"href":"https:\/\/blogdoedvaldomagalhaes.com.br\/index.php\/wp-json\/wp\/v2\/media\/40930"}],"wp:attachment":[{"href":"https:\/\/blogdoedvaldomagalhaes.com.br\/index.php\/wp-json\/wp\/v2\/media?parent=40929"}],"wp:term":[{"taxonomy":"category","embeddable":true,"href":"https:\/\/blogdoedvaldomagalhaes.com.br\/index.php\/wp-json\/wp\/v2\/categories?post=40929"},{"taxonomy":"post_tag","embeddable":true,"href":"https:\/\/blogdoedvaldomagalhaes.com.br\/index.php\/wp-json\/wp\/v2\/tags?post=40929"}],"curies":[{"name":"wp","href":"https:\/\/api.w.org\/{rel}","templated":true}]}}