{"id":40922,"date":"2019-04-09T14:18:40","date_gmt":"2019-04-09T17:18:40","guid":{"rendered":"http:\/\/blogdoedvaldomagalhaes.com.br\/?p=40922"},"modified":"2019-04-09T14:34:12","modified_gmt":"2019-04-09T17:34:12","slug":"prefeitura-de-caruaru-entrega-dois-consultorios-odontologicos-e-11-novas-ambulancias-para-a-populacao","status":"publish","type":"post","link":"https:\/\/blogdoedvaldomagalhaes.com.br\/index.php\/2019\/04\/09\/prefeitura-de-caruaru-entrega-dois-consultorios-odontologicos-e-11-novas-ambulancias-para-a-populacao\/","title":{"rendered":"Prefeitura de Caruaru entrega dois consult\u00f3rios odontol\u00f3gicos e 11 novas ambul\u00e2ncias  para a popula\u00e7\u00e3o"},"content":{"rendered":"\n<p>Com as novas equipes de sa\u00fade bucal ser\u00e1&nbsp;poss\u00edvel realizar procedimentos odontol\u00f3gicos como: atividades de preven\u00e7\u00e3o \u00e0 c\u00e1rie, tratamento restaurador, limpeza de t\u00e1rtaro, extra\u00e7\u00e3o dent\u00e1ria, entre outros.&nbsp;A expectativa \u00e9 de que sejam atendidos, em m\u00e9dia, 500 pacientes por m\u00eas, numa \u00e1rea que tem a cobertura de 8.600 (oito mil e seiscentos) pacientes vinculados as Unidades de Sa\u00fade da Fam\u00edlia do bairro.<\/p>\n\n\n\n<figure class=\"wp-block-image\"><img loading=\"lazy\" decoding=\"async\" width=\"1024\" height=\"683\" src=\"http:\/\/blogdoedvaldomagalhaes.com.br\/wp-content\/uploads\/2019\/04\/Consult\u00f3rios-de-Sa\u00fade-Bucal-Foto-Arnaldo-Felix-1024x683.jpg\" alt=\"\" class=\"wp-image-40924\" srcset=\"https:\/\/blogdoedvaldomagalhaes.com.br\/wp-content\/uploads\/2019\/04\/Consult\u00f3rios-de-Sa\u00fade-Bucal-Foto-Arnaldo-Felix-1024x683.jpg 1024w, https:\/\/blogdoedvaldomagalhaes.com.br\/wp-content\/uploads\/2019\/04\/Consult\u00f3rios-de-Sa\u00fade-Bucal-Foto-Arnaldo-Felix-300x200.jpg 300w, https:\/\/blogdoedvaldomagalhaes.com.br\/wp-content\/uploads\/2019\/04\/Consult\u00f3rios-de-Sa\u00fade-Bucal-Foto-Arnaldo-Felix-768x512.jpg 768w\" sizes=\"auto, (max-width: 1024px) 100vw, 1024px\" \/><\/figure>\n\n\n\n<p>O atendimento odontol\u00f3gico nas UBS Maria Auxiliadora 1 e 2 ser\u00e1 feito atrav\u00e9s do acolhimento, onde o paciente ser\u00e1 ouvido e selecionado atrav\u00e9s da prioridade dele. Al\u00e9m disso, as consultas ser\u00e3o divididas por grupos: crian\u00e7as, idosos, hipertensos, diab\u00e9ticos, gestantes e p\u00fablico em geral.<\/p>\n\n\n\n<figure class=\"wp-block-image\"><img loading=\"lazy\" decoding=\"async\" width=\"1024\" height=\"682\" src=\"http:\/\/blogdoedvaldomagalhaes.com.br\/wp-content\/uploads\/2019\/04\/Raquel-Lyra-e-seu-Zequinha-Foto-Jorge-Farias-1024x682.jpeg\" alt=\"\" class=\"wp-image-40925\" srcset=\"https:\/\/blogdoedvaldomagalhaes.com.br\/wp-content\/uploads\/2019\/04\/Raquel-Lyra-e-seu-Zequinha-Foto-Jorge-Farias.jpeg 1024w, https:\/\/blogdoedvaldomagalhaes.com.br\/wp-content\/uploads\/2019\/04\/Raquel-Lyra-e-seu-Zequinha-Foto-Jorge-Farias-300x200.jpeg 300w, https:\/\/blogdoedvaldomagalhaes.com.br\/wp-content\/uploads\/2019\/04\/Raquel-Lyra-e-seu-Zequinha-Foto-Jorge-Farias-768x512.jpeg 768w\" sizes=\"auto, (max-width: 1024px) 100vw, 1024px\" \/><\/figure>\n\n\n\n<p>A segunda entrega do dia para a sa\u00fade aconteceu \u00e0 noite, no t\u00e9rreo do bloco A do Pal\u00e1cio Municipal Jaime Nejaym, que recebeu as 11 novas ambul\u00e2ncias do munic\u00edpio. Os novos ve\u00edculos servir\u00e3o para remo\u00e7\u00e3o dos pacientes das unidades municipais para hospitais de refer\u00eancia, que oferecem procedimentos de alta complexidade. Al\u00e9m disso, beneficiar\u00e3o os pacientes de ambulat\u00f3rio que necessitam de transporte especializado para realiza\u00e7\u00e3o de consultas e exames.<\/p>\n\n\n\n<figure class=\"wp-block-image\"><img loading=\"lazy\" decoding=\"async\" width=\"976\" height=\"853\" src=\"http:\/\/blogdoedvaldomagalhaes.com.br\/wp-content\/uploads\/2019\/04\/Entrega-de-ambul\u00e2ncias-_-Foto-Jorge-Farias.jpeg\" alt=\"\" class=\"wp-image-40926\" srcset=\"https:\/\/blogdoedvaldomagalhaes.com.br\/wp-content\/uploads\/2019\/04\/Entrega-de-ambul\u00e2ncias-_-Foto-Jorge-Farias.jpeg 976w, https:\/\/blogdoedvaldomagalhaes.com.br\/wp-content\/uploads\/2019\/04\/Entrega-de-ambul\u00e2ncias-_-Foto-Jorge-Farias-300x262.jpeg 300w, https:\/\/blogdoedvaldomagalhaes.com.br\/wp-content\/uploads\/2019\/04\/Entrega-de-ambul\u00e2ncias-_-Foto-Jorge-Farias-768x671.jpeg 768w\" sizes=\"auto, (max-width: 976px) 100vw, 976px\" \/><\/figure>\n\n\n\n<p>\u201cO investimento nas ambul\u00e2ncias foi de quase R$ 2 milh\u00f5es, sendo R$ 800 mil de emenda parlamentar do Senador, Fernando Bezerra Coelho, que eu s\u00f3 tenho a agradecer. O restante do dinheiro foi recurso do seu imposto, que \u00e9 pago todos os meses, para garantir que a gente possa investir na sa\u00fade, na educa\u00e7\u00e3o e na infraestrutura do nosso munic\u00edpio\u201d, explicou a prefeita de Caruaru, Raquel Lyra.<\/p>\n\n\n\n<figure class=\"wp-block-image\"><img loading=\"lazy\" decoding=\"async\" width=\"626\" height=\"626\" src=\"http:\/\/blogdoedvaldomagalhaes.com.br\/wp-content\/uploads\/2019\/04\/Entrega-de-ambul\u00e2ncias-Foto-Divulga\u00e7\u00e3o.jpg\" alt=\"\" class=\"wp-image-40927\" srcset=\"https:\/\/blogdoedvaldomagalhaes.com.br\/wp-content\/uploads\/2019\/04\/Entrega-de-ambul\u00e2ncias-Foto-Divulga\u00e7\u00e3o.jpg 626w, https:\/\/blogdoedvaldomagalhaes.com.br\/wp-content\/uploads\/2019\/04\/Entrega-de-ambul\u00e2ncias-Foto-Divulga\u00e7\u00e3o-150x150.jpg 150w, https:\/\/blogdoedvaldomagalhaes.com.br\/wp-content\/uploads\/2019\/04\/Entrega-de-ambul\u00e2ncias-Foto-Divulga\u00e7\u00e3o-300x300.jpg 300w\" sizes=\"auto, (max-width: 626px) 100vw, 626px\" \/><figcaption> <br>Fotos: Arnaldo Felix e Jorge Farias<br><br> <\/figcaption><\/figure>\n\n\n\n<p>As novas ambul\u00e2ncias s\u00e3o de grande porte e podem, se for a necessidade,\ntransformarem-se em UTIs. A entrega simb\u00f3lica da chave dos novos ve\u00edculos foi\nfeita pela prefeita Raquel Lyra para o motorista Jos\u00e9 Freire Barreto, mais\nconhecido como Seu Zequinha, que j\u00e1 trabalha na Secretaria de Sa\u00fade h\u00e1 11 anos.\n\u201cNunca trabalhei numa ambul\u00e2ncia assim. Estou encantando e feliz, pois a\npopula\u00e7\u00e3o merece um servi\u00e7o de qualidade deste porte. Estou muito satisfeito\ncom meu novo ve\u00edculo de trabalho\u201d, relatou o motorista.\n\nCada ve\u00edculo novo tem uma\nnova maca, que vai poder a\n\n\n\n<\/p>\n","protected":false},"excerpt":{"rendered":"<p>Com as novas equipes de sa\u00fade bucal ser\u00e1&nbsp;poss\u00edvel realizar procedimentos odontol\u00f3gicos como: atividades de preven\u00e7\u00e3o \u00e0 c\u00e1rie, tratamento restaurador, limpeza&hellip;<\/p>\n","protected":false},"author":1,"featured_media":40923,"comment_status":"closed","ping_status":"open","sticky":false,"template":"","format":"standard","meta":{"footnotes":""},"categories":[14120],"tags":[2],"class_list":["post-40922","post","type-post","status-publish","format-standard","has-post-thumbnail","hentry","category-noticias","tag-blog-do-edvaldo-magalhaes"],"_links":{"self":[{"href":"https:\/\/blogdoedvaldomagalhaes.com.br\/index.php\/wp-json\/wp\/v2\/posts\/40922","targetHints":{"allow":["GET"]}}],"collection":[{"href":"https:\/\/blogdoedvaldomagalhaes.com.br\/index.php\/wp-json\/wp\/v2\/posts"}],"about":[{"href":"https:\/\/blogdoedvaldomagalhaes.com.br\/index.php\/wp-json\/wp\/v2\/types\/post"}],"author":[{"embeddable":true,"href":"https:\/\/blogdoedvaldomagalhaes.com.br\/index.php\/wp-json\/wp\/v2\/users\/1"}],"replies":[{"embeddable":true,"href":"https:\/\/blogdoedvaldomagalhaes.com.br\/index.php\/wp-json\/wp\/v2\/comments?post=40922"}],"version-history":[{"count":2,"href":"https:\/\/blogdoedvaldomagalhaes.com.br\/index.php\/wp-json\/wp\/v2\/posts\/40922\/revisions"}],"predecessor-version":[{"id":40934,"href":"https:\/\/blogdoedvaldomagalhaes.com.br\/index.php\/wp-json\/wp\/v2\/posts\/40922\/revisions\/40934"}],"wp:featuredmedia":[{"embeddable":true,"href":"https:\/\/blogdoedvaldomagalhaes.com.br\/index.php\/wp-json\/wp\/v2\/media\/40923"}],"wp:attachment":[{"href":"https:\/\/blogdoedvaldomagalhaes.com.br\/index.php\/wp-json\/wp\/v2\/media?parent=40922"}],"wp:term":[{"taxonomy":"category","embeddable":true,"href":"https:\/\/blogdoedvaldomagalhaes.com.br\/index.php\/wp-json\/wp\/v2\/categories?post=40922"},{"taxonomy":"post_tag","embeddable":true,"href":"https:\/\/blogdoedvaldomagalhaes.com.br\/index.php\/wp-json\/wp\/v2\/tags?post=40922"}],"curies":[{"name":"wp","href":"https:\/\/api.w.org\/{rel}","templated":true}]}}