{"id":4092,"date":"2017-11-09T21:26:00","date_gmt":"2017-11-09T23:26:00","guid":{"rendered":"http:\/\/blogdoedvaldomagalhaes.com.br\/index.php\/2017\/11\/09\/central-de-caruaru-contrata-preparador\/"},"modified":"2019-02-09T01:52:10","modified_gmt":"2019-02-09T03:52:10","slug":"central-de-caruaru-contrata-preparador","status":"publish","type":"post","link":"https:\/\/blogdoedvaldomagalhaes.com.br\/index.php\/2017\/11\/09\/central-de-caruaru-contrata-preparador\/","title":{"rendered":"Central de Caruaru contrata preparador f\u00edsico para temporada 2018"},"content":{"rendered":"<div class=\"separator\" style=\"clear: both; text-align: center;\">\n<a href=\"https:\/\/4.bp.blogspot.com\/-z8WHHCogkdc\/WgTHpD0WIsI\/AAAAAAAAjzA\/Ij21tOuT2P04Os2k2Rnlav6u8ji-xRUEQCLcBGAs\/s1600\/prep.jpg\" imageanchor=\"1\" style=\"margin-left: 1em; margin-right: 1em;\"><img loading=\"lazy\" decoding=\"async\" border=\"0\" data-original-height=\"960\" data-original-width=\"764\" height=\"400\" src=\"http:\/\/blogdoedvaldomagalhaes.com.br\/wp-content\/uploads\/2017\/11\/prep.jpg\" width=\"317\" \/><\/a><\/div>\n<div class=\"separator\" style=\"clear: both; text-align: justify;\">\n<\/div>\n<div class=\"text_exposed_root text_exposed\" id=\"id_5a04c78800aac5024970576\" style=\"display: inline;\">\n<div style=\"text-align: justify;\">\nO Central tem um novo preparador f\u00edsico para a temporada 2018.&nbsp;Trata-se de Odair Mourato de 42 anos.<\/div>\n<div style=\"text-align: justify;\">\n<\/div>\n<div style=\"text-align: justify;\">\nConfira o curr\u00edculo do novo prapador:<\/div>\n<div style=\"text-align: justify;\">\n<\/div>\n<div style=\"text-align: justify;\">\n* Vila Nova Futebol Clube;<\/div>\n<div style=\"text-align: justify;\">\n* Esporte Clube Democrata;<\/div>\n<div style=\"text-align: justify;\">\n* Associa\u00e7\u00e3o Atl\u00e9tica Anapolina;<\/div>\n<div style=\"text-align: justify;\">\n* Am\u00e9rica Futebol Clube\/Te\u00f3filo Otoni;<\/div>\n<div style=\"text-align: justify;\">\n* Goian\u00e9sia Esporte Clube;<\/div>\n<div style=\"text-align: justify;\">\n* Paysandu Sport Club;<\/div>\n<div style=\"text-align: justify;\">\n* Ceil\u00e2ndia Esporte clube;<\/div>\n<div style=\"text-align: justify;\">\n* Associa\u00e7\u00e3o Esportiva Jataiense.<\/div>\n<\/div>\n<div class=\"separator\" style=\"clear: both; text-align: center;\">\n<\/div>\n<div class=\"fbPhotoProductTags\" id=\"fbPhotoSnowliftProductTags\" style=\"background-color: white; color: #1d2129; display: inline-block; font-family: Helvetica, Arial, sans-serif; font-size: 12px; width: 328.125px;\">\n<\/div>\n<div class=\"pts fbPhotoProductsTagList\" id=\"fbPhotoSnowliftProductsTagList\" style=\"-webkit-text-stroke-width: 0px; background-color: white; color: #1d2129; font-family: Helvetica, Arial, sans-serif; font-size: 12px; font-style: normal; font-variant-caps: normal; font-variant-ligatures: normal; font-weight: normal; letter-spacing: normal; orphans: 2; padding-top: 5px; text-align: left; text-decoration-color: initial; text-decoration-style: initial; text-indent: 0px; text-transform: none; white-space: normal; widows: 2; word-spacing: 0px;\">\n<\/div>\n<p><\/p>\n","protected":false},"excerpt":{"rendered":"<p>O Central tem um novo preparador f\u00edsico para a temporada 2018.&nbsp;Trata-se de Odair Mourato de 42 anos. Confira o curr\u00edculo&hellip;<\/p>\n","protected":false},"author":1,"featured_media":0,"comment_status":"open","ping_status":"open","sticky":false,"template":"","format":"standard","meta":{"footnotes":""},"categories":[1],"tags":[2,4996,3,1950,4494],"class_list":["post-4092","post","type-post","status-publish","format-standard","hentry","category-sem-categoria","tag-blog-do-edvaldo-magalhaes","tag-central-de-caruaru-contrata-preparador-fisico-para-temporada-2018","tag-futebol","tag-noticias-de-caruaru","tag-odair-mourato"],"_links":{"self":[{"href":"https:\/\/blogdoedvaldomagalhaes.com.br\/index.php\/wp-json\/wp\/v2\/posts\/4092","targetHints":{"allow":["GET"]}}],"collection":[{"href":"https:\/\/blogdoedvaldomagalhaes.com.br\/index.php\/wp-json\/wp\/v2\/posts"}],"about":[{"href":"https:\/\/blogdoedvaldomagalhaes.com.br\/index.php\/wp-json\/wp\/v2\/types\/post"}],"author":[{"embeddable":true,"href":"https:\/\/blogdoedvaldomagalhaes.com.br\/index.php\/wp-json\/wp\/v2\/users\/1"}],"replies":[{"embeddable":true,"href":"https:\/\/blogdoedvaldomagalhaes.com.br\/index.php\/wp-json\/wp\/v2\/comments?post=4092"}],"version-history":[{"count":1,"href":"https:\/\/blogdoedvaldomagalhaes.com.br\/index.php\/wp-json\/wp\/v2\/posts\/4092\/revisions"}],"predecessor-version":[{"id":26007,"href":"https:\/\/blogdoedvaldomagalhaes.com.br\/index.php\/wp-json\/wp\/v2\/posts\/4092\/revisions\/26007"}],"wp:attachment":[{"href":"https:\/\/blogdoedvaldomagalhaes.com.br\/index.php\/wp-json\/wp\/v2\/media?parent=4092"}],"wp:term":[{"taxonomy":"category","embeddable":true,"href":"https:\/\/blogdoedvaldomagalhaes.com.br\/index.php\/wp-json\/wp\/v2\/categories?post=4092"},{"taxonomy":"post_tag","embeddable":true,"href":"https:\/\/blogdoedvaldomagalhaes.com.br\/index.php\/wp-json\/wp\/v2\/tags?post=4092"}],"curies":[{"name":"wp","href":"https:\/\/api.w.org\/{rel}","templated":true}]}}