{"id":40917,"date":"2019-04-09T11:57:37","date_gmt":"2019-04-09T14:57:37","guid":{"rendered":"http:\/\/blogdoedvaldomagalhaes.com.br\/?p=40917"},"modified":"2019-04-09T12:01:09","modified_gmt":"2019-04-09T15:01:09","slug":"biesp-realiza-revista-na-penitenciaria-de-caruaru","status":"publish","type":"post","link":"https:\/\/blogdoedvaldomagalhaes.com.br\/index.php\/2019\/04\/09\/biesp-realiza-revista-na-penitenciaria-de-caruaru\/","title":{"rendered":"BIEsp realiza revista na Penitenci\u00e1ria de Caruaru"},"content":{"rendered":"\n<p>A pedido do Pacto pela Vida, uma revista foi realizada na Penitenci\u00e1ria Juiz Pl\u00e1cido de Souza, em Caruaru, na manh\u00e3 desta ter\u00e7a-feira (09). Agentes penitenci\u00e1rios e policiais do 1\u00ba BIEsp participaram da a\u00e7\u00e3o, que tamb\u00e9m teve ajuda de c\u00e3es farejadores. Atualmente s\u00e3o 1.740 detentos na PJPS.<\/p>\n\n\n\n<p>Armas artesanais, drogas e aparelhos de celular, al\u00e9m de outros materiais, foram apreendidos. O resultado ser\u00e1 divulgado pela dire\u00e7\u00e3o da unidade prisional.<\/p>\n\n\n\n<p>Informa\u00e7\u00f5es: Helenivaldo Pereira\/R\u00e1dio Liberdade.<\/p>\n","protected":false},"excerpt":{"rendered":"<p>A pedido do Pacto pela Vida, uma revista foi realizada na Penitenci\u00e1ria Juiz Pl\u00e1cido de Souza, em Caruaru, na manh\u00e3&hellip;<\/p>\n","protected":false},"author":1,"featured_media":40918,"comment_status":"closed","ping_status":"open","sticky":false,"template":"","format":"standard","meta":{"footnotes":""},"categories":[14121],"tags":[14899,2],"class_list":["post-40917","post","type-post","status-publish","format-standard","has-post-thumbnail","hentry","category-policial","tag-biesp-realiza-revista-na-penitenciaria-de-caruaru","tag-blog-do-edvaldo-magalhaes"],"_links":{"self":[{"href":"https:\/\/blogdoedvaldomagalhaes.com.br\/index.php\/wp-json\/wp\/v2\/posts\/40917","targetHints":{"allow":["GET"]}}],"collection":[{"href":"https:\/\/blogdoedvaldomagalhaes.com.br\/index.php\/wp-json\/wp\/v2\/posts"}],"about":[{"href":"https:\/\/blogdoedvaldomagalhaes.com.br\/index.php\/wp-json\/wp\/v2\/types\/post"}],"author":[{"embeddable":true,"href":"https:\/\/blogdoedvaldomagalhaes.com.br\/index.php\/wp-json\/wp\/v2\/users\/1"}],"replies":[{"embeddable":true,"href":"https:\/\/blogdoedvaldomagalhaes.com.br\/index.php\/wp-json\/wp\/v2\/comments?post=40917"}],"version-history":[{"count":3,"href":"https:\/\/blogdoedvaldomagalhaes.com.br\/index.php\/wp-json\/wp\/v2\/posts\/40917\/revisions"}],"predecessor-version":[{"id":40921,"href":"https:\/\/blogdoedvaldomagalhaes.com.br\/index.php\/wp-json\/wp\/v2\/posts\/40917\/revisions\/40921"}],"wp:featuredmedia":[{"embeddable":true,"href":"https:\/\/blogdoedvaldomagalhaes.com.br\/index.php\/wp-json\/wp\/v2\/media\/40918"}],"wp:attachment":[{"href":"https:\/\/blogdoedvaldomagalhaes.com.br\/index.php\/wp-json\/wp\/v2\/media?parent=40917"}],"wp:term":[{"taxonomy":"category","embeddable":true,"href":"https:\/\/blogdoedvaldomagalhaes.com.br\/index.php\/wp-json\/wp\/v2\/categories?post=40917"},{"taxonomy":"post_tag","embeddable":true,"href":"https:\/\/blogdoedvaldomagalhaes.com.br\/index.php\/wp-json\/wp\/v2\/tags?post=40917"}],"curies":[{"name":"wp","href":"https:\/\/api.w.org\/{rel}","templated":true}]}}