{"id":40912,"date":"2019-04-09T08:53:40","date_gmt":"2019-04-09T11:53:40","guid":{"rendered":"http:\/\/blogdoedvaldomagalhaes.com.br\/?p=40912"},"modified":"2019-04-09T11:55:19","modified_gmt":"2019-04-09T14:55:19","slug":"acidente-caminhao-fica-pendurado-em-viaduto-na-br-104-em-caruaru","status":"publish","type":"post","link":"https:\/\/blogdoedvaldomagalhaes.com.br\/index.php\/2019\/04\/09\/acidente-caminhao-fica-pendurado-em-viaduto-na-br-104-em-caruaru\/","title":{"rendered":"Acidente: Caminh\u00e3o fica pendurado em viaduto na BR-104 em Caruaru"},"content":{"rendered":"\n<p>O acidente ocorreu na manh\u00e3 desta ter\u00e7a-feira (09), na BR-104, per\u00edmetro urbano de Caruaru. O caminh\u00e3o-pipa (fotos), ficou preso e pendurado no viaduto de acesso aos bairros Boa Vista e Divin\u00f3polis. Segundo informa\u00e7\u00f5es do motorista, a barra de dire\u00e7\u00e3o quebrou e provocou o acidente. O tr\u00e2nsito ficou lento na rodovia e a via local onde ocorreu o acidente foi interditada at\u00e9 a retirada do ve\u00edculo, que ficou com a cabine para baixo.<\/p>\n\n\n\n<figure class=\"wp-block-image\"><img loading=\"lazy\" decoding=\"async\" width=\"1024\" height=\"576\" src=\"http:\/\/blogdoedvaldomagalhaes.com.br\/wp-content\/uploads\/2019\/04\/IMG-20190409-WA0014-1024x576.jpg\" alt=\"\" class=\"wp-image-40914\" srcset=\"https:\/\/blogdoedvaldomagalhaes.com.br\/wp-content\/uploads\/2019\/04\/IMG-20190409-WA0014-1024x576.jpg 1024w, https:\/\/blogdoedvaldomagalhaes.com.br\/wp-content\/uploads\/2019\/04\/IMG-20190409-WA0014-300x169.jpg 300w, https:\/\/blogdoedvaldomagalhaes.com.br\/wp-content\/uploads\/2019\/04\/IMG-20190409-WA0014-768x432.jpg 768w, https:\/\/blogdoedvaldomagalhaes.com.br\/wp-content\/uploads\/2019\/04\/IMG-20190409-WA0014-720x405.jpg 720w, https:\/\/blogdoedvaldomagalhaes.com.br\/wp-content\/uploads\/2019\/04\/IMG-20190409-WA0014.jpg 1032w\" sizes=\"auto, (max-width: 1024px) 100vw, 1024px\" \/><\/figure>\n\n\n\n<p> O motorista, que saiu ileso, disse que a barra de dire\u00e7\u00e3o quebrou e provocou o acidente. Um guincho est\u00e1 sendo providenciado para a retirada do caminh\u00e3o do viaduto. <\/p>\n\n\n\n<p>Fotos:  Reprodu\u00e7\u00e3o\/WhatsApp.<\/p>\n","protected":false},"excerpt":{"rendered":"<p>O acidente ocorreu na manh\u00e3 desta ter\u00e7a-feira (09), na BR-104, per\u00edmetro urbano de Caruaru. O caminh\u00e3o-pipa (fotos), ficou preso e&hellip;<\/p>\n","protected":false},"author":1,"featured_media":40913,"comment_status":"closed","ping_status":"open","sticky":false,"template":"","format":"standard","meta":{"footnotes":""},"categories":[14120],"tags":[14898,2],"class_list":["post-40912","post","type-post","status-publish","format-standard","has-post-thumbnail","hentry","category-noticias","tag-acidente-caminhao-fica-pendurado-em-viaduto-na-br-104-em-caruaru","tag-blog-do-edvaldo-magalhaes"],"_links":{"self":[{"href":"https:\/\/blogdoedvaldomagalhaes.com.br\/index.php\/wp-json\/wp\/v2\/posts\/40912","targetHints":{"allow":["GET"]}}],"collection":[{"href":"https:\/\/blogdoedvaldomagalhaes.com.br\/index.php\/wp-json\/wp\/v2\/posts"}],"about":[{"href":"https:\/\/blogdoedvaldomagalhaes.com.br\/index.php\/wp-json\/wp\/v2\/types\/post"}],"author":[{"embeddable":true,"href":"https:\/\/blogdoedvaldomagalhaes.com.br\/index.php\/wp-json\/wp\/v2\/users\/1"}],"replies":[{"embeddable":true,"href":"https:\/\/blogdoedvaldomagalhaes.com.br\/index.php\/wp-json\/wp\/v2\/comments?post=40912"}],"version-history":[{"count":2,"href":"https:\/\/blogdoedvaldomagalhaes.com.br\/index.php\/wp-json\/wp\/v2\/posts\/40912\/revisions"}],"predecessor-version":[{"id":40916,"href":"https:\/\/blogdoedvaldomagalhaes.com.br\/index.php\/wp-json\/wp\/v2\/posts\/40912\/revisions\/40916"}],"wp:featuredmedia":[{"embeddable":true,"href":"https:\/\/blogdoedvaldomagalhaes.com.br\/index.php\/wp-json\/wp\/v2\/media\/40913"}],"wp:attachment":[{"href":"https:\/\/blogdoedvaldomagalhaes.com.br\/index.php\/wp-json\/wp\/v2\/media?parent=40912"}],"wp:term":[{"taxonomy":"category","embeddable":true,"href":"https:\/\/blogdoedvaldomagalhaes.com.br\/index.php\/wp-json\/wp\/v2\/categories?post=40912"},{"taxonomy":"post_tag","embeddable":true,"href":"https:\/\/blogdoedvaldomagalhaes.com.br\/index.php\/wp-json\/wp\/v2\/tags?post=40912"}],"curies":[{"name":"wp","href":"https:\/\/api.w.org\/{rel}","templated":true}]}}