{"id":4091,"date":"2017-11-10T10:43:00","date_gmt":"2017-11-10T12:43:00","guid":{"rendered":"http:\/\/blogdoedvaldomagalhaes.com.br\/index.php\/2017\/11\/10\/mototaxista-assassinado-com-7-tiros-e\/"},"modified":"2019-02-09T01:52:10","modified_gmt":"2019-02-09T03:52:10","slug":"mototaxista-assassinado-com-7-tiros-e","status":"publish","type":"post","link":"https:\/\/blogdoedvaldomagalhaes.com.br\/index.php\/2017\/11\/10\/mototaxista-assassinado-com-7-tiros-e\/","title":{"rendered":"Mototaxista assassinado com 7 tiros em Caruaru e n\u00famero de homic\u00eddios chega a 240 no munic\u00edpio"},"content":{"rendered":"<div class=\"separator\" style=\"clear: both; text-align: center;\">\n<a href=\"https:\/\/3.bp.blogspot.com\/-K1j-hy3d28s\/WgWCakptC8I\/AAAAAAAAj1Y\/8HN9Rfbh8DI6EC3hYna_XjdZmC0fKUQkQCLcBGAs\/s1600\/foto.jpg\" imageanchor=\"1\" style=\"margin-left: 1em; margin-right: 1em;\"><img loading=\"lazy\" decoding=\"async\" border=\"0\" data-original-height=\"300\" data-original-width=\"256\" height=\"400\" src=\"http:\/\/blogdoedvaldomagalhaes.com.br\/wp-content\/uploads\/2017\/11\/foto-1.jpg\" width=\"341\" \/><\/a><\/div>\n<div class=\"separator\" style=\"clear: both; text-align: center;\">\nFoto: WhatsApp\/Cortesia<\/div>\n<div style=\"background-color: white; box-sizing: border-box; line-height: 24px; margin-bottom: 10px; text-align: justify;\">\n<\/div>\n<div style=\"background-color: white; box-sizing: border-box; line-height: 24px; margin-bottom: 10px; text-align: justify;\">\nEm Caruaru, um mototaxista foi assassinado na madrugada desta sexta-feira (10), no bairro Santa Rosa. O crime aconteceu na 2\u00aa Travessa Alfredo Pinto. Jerdyson Cineco Almeida de Sousa, 38 anos, foi atingido com sete tiros e caiu por cima da moto.<\/div>\n<div style=\"background-color: white; box-sizing: border-box; line-height: 24px; margin-bottom: 10px; text-align: justify;\">\nA v\u00edtima era conhecida por \u201cSonson\u201d e trabalhava \u00e0 noite na Pra\u00e7a do M\u00e1rio Sette, no bairro Vassoural. O corpo foi encaminhado para o Instituto de Medicina Legal (IML). Nenhum suspeito foi preso.<\/div>\n<div style=\"background-color: white; box-sizing: border-box; line-height: 24px; margin-bottom: 10px; text-align: justify;\">\nCom este crime, sobe para 6 o n\u00famero de homic\u00eddios no m\u00eas de novembro em Caruaru e para 240 neste ano de 2017.<\/div>\n<div style=\"background-color: white; box-sizing: border-box; line-height: 24px; margin-bottom: 10px; text-align: justify;\">\nFonte: R\u00e1dio Liberdade.<\/div>\n","protected":false},"excerpt":{"rendered":"<p>Foto: WhatsApp\/Cortesia Em Caruaru, um mototaxista foi assassinado na madrugada desta sexta-feira (10), no bairro Santa Rosa. O crime aconteceu&hellip;<\/p>\n","protected":false},"author":1,"featured_media":0,"comment_status":"open","ping_status":"open","sticky":false,"template":"","format":"standard","meta":{"footnotes":""},"categories":[1],"tags":[1970,2331,2,4995,13,4668],"class_list":["post-4091","post","type-post","status-publish","format-standard","hentry","category-sem-categoria","tag-bairro-santa-rosa","tag-bairro-vassoural","tag-blog-do-edvaldo-magalhaes","tag-mototaxista-assassinado-com-7-tiros-em-caruaru-e-numero-de-homicidios-chega-a-240-no-municipio","tag-policial","tag-ultimas-noticias-policiais"],"_links":{"self":[{"href":"https:\/\/blogdoedvaldomagalhaes.com.br\/index.php\/wp-json\/wp\/v2\/posts\/4091","targetHints":{"allow":["GET"]}}],"collection":[{"href":"https:\/\/blogdoedvaldomagalhaes.com.br\/index.php\/wp-json\/wp\/v2\/posts"}],"about":[{"href":"https:\/\/blogdoedvaldomagalhaes.com.br\/index.php\/wp-json\/wp\/v2\/types\/post"}],"author":[{"embeddable":true,"href":"https:\/\/blogdoedvaldomagalhaes.com.br\/index.php\/wp-json\/wp\/v2\/users\/1"}],"replies":[{"embeddable":true,"href":"https:\/\/blogdoedvaldomagalhaes.com.br\/index.php\/wp-json\/wp\/v2\/comments?post=4091"}],"version-history":[{"count":1,"href":"https:\/\/blogdoedvaldomagalhaes.com.br\/index.php\/wp-json\/wp\/v2\/posts\/4091\/revisions"}],"predecessor-version":[{"id":26009,"href":"https:\/\/blogdoedvaldomagalhaes.com.br\/index.php\/wp-json\/wp\/v2\/posts\/4091\/revisions\/26009"}],"wp:attachment":[{"href":"https:\/\/blogdoedvaldomagalhaes.com.br\/index.php\/wp-json\/wp\/v2\/media?parent=4091"}],"wp:term":[{"taxonomy":"category","embeddable":true,"href":"https:\/\/blogdoedvaldomagalhaes.com.br\/index.php\/wp-json\/wp\/v2\/categories?post=4091"},{"taxonomy":"post_tag","embeddable":true,"href":"https:\/\/blogdoedvaldomagalhaes.com.br\/index.php\/wp-json\/wp\/v2\/tags?post=4091"}],"curies":[{"name":"wp","href":"https:\/\/api.w.org\/{rel}","templated":true}]}}