{"id":40909,"date":"2019-04-09T07:53:30","date_gmt":"2019-04-09T10:53:30","guid":{"rendered":"http:\/\/blogdoedvaldomagalhaes.com.br\/?p=40909"},"modified":"2019-04-09T07:53:32","modified_gmt":"2019-04-09T10:53:32","slug":"vaticano-considera-frei-damiao-veneravel-e-beatificacao-fica-mais-perto","status":"publish","type":"post","link":"https:\/\/blogdoedvaldomagalhaes.com.br\/index.php\/2019\/04\/09\/vaticano-considera-frei-damiao-veneravel-e-beatificacao-fica-mais-perto\/","title":{"rendered":"Vaticano considera Frei Dami\u00e3o vener\u00e1vel e beatifica\u00e7\u00e3o fica mais perto"},"content":{"rendered":"\n<p>A beatifica\u00e7\u00e3o de Frei Dami\u00e3o de Bozzano, mission\u00e1rio que atuou no Nordeste no s\u00e9culo 20, est\u00e1 mais perto depois da decis\u00e3o do Papa Francisco que o reconhece vener\u00e1vel. O frade capuchinho nasceu na It\u00e1lia 5 de novembro de 1898 e morreu no Recife no dia 31 de maio de 1997, aos 98 anos.<\/p>\n\n\n\n<p>Frei Dami\u00e3o participou de \u201cSantas Miss\u00f5es\u201d durante 66 anos de vida religiosa. O processo de beatifica\u00e7\u00e3o e canoniza\u00e7\u00e3o foi aberto em 2003. O primeiro passo foi dado quando a Igreja Cat\u00f3lica reconheceu o capuchinho como Servo de Deus.<\/p>\n\n\n\n<p>Em 2012, os postuladores da causa levaram documentos para o Vaticano. Seis anos depois saiu o parecer da Comiss\u00e3o dos Te\u00f3logos, na Congrega\u00e7\u00e3o da Causa de Todos os Santos, que aprovou o processo de beatifica\u00e7\u00e3o.<\/p>\n\n\n\n<p>Por Helenivaldo Pereira.<\/p>\n","protected":false},"excerpt":{"rendered":"<p>A beatifica\u00e7\u00e3o de Frei Dami\u00e3o de Bozzano, mission\u00e1rio que atuou no Nordeste no s\u00e9culo 20, est\u00e1 mais perto depois da&hellip;<\/p>\n","protected":false},"author":1,"featured_media":40910,"comment_status":"closed","ping_status":"open","sticky":false,"template":"","format":"standard","meta":{"footnotes":""},"categories":[14120],"tags":[2,14897],"class_list":["post-40909","post","type-post","status-publish","format-standard","has-post-thumbnail","hentry","category-noticias","tag-blog-do-edvaldo-magalhaes","tag-vaticano-considera-frei-damiao-veneravel-e-beatificacao-fica-mais-perto"],"_links":{"self":[{"href":"https:\/\/blogdoedvaldomagalhaes.com.br\/index.php\/wp-json\/wp\/v2\/posts\/40909","targetHints":{"allow":["GET"]}}],"collection":[{"href":"https:\/\/blogdoedvaldomagalhaes.com.br\/index.php\/wp-json\/wp\/v2\/posts"}],"about":[{"href":"https:\/\/blogdoedvaldomagalhaes.com.br\/index.php\/wp-json\/wp\/v2\/types\/post"}],"author":[{"embeddable":true,"href":"https:\/\/blogdoedvaldomagalhaes.com.br\/index.php\/wp-json\/wp\/v2\/users\/1"}],"replies":[{"embeddable":true,"href":"https:\/\/blogdoedvaldomagalhaes.com.br\/index.php\/wp-json\/wp\/v2\/comments?post=40909"}],"version-history":[{"count":1,"href":"https:\/\/blogdoedvaldomagalhaes.com.br\/index.php\/wp-json\/wp\/v2\/posts\/40909\/revisions"}],"predecessor-version":[{"id":40911,"href":"https:\/\/blogdoedvaldomagalhaes.com.br\/index.php\/wp-json\/wp\/v2\/posts\/40909\/revisions\/40911"}],"wp:featuredmedia":[{"embeddable":true,"href":"https:\/\/blogdoedvaldomagalhaes.com.br\/index.php\/wp-json\/wp\/v2\/media\/40910"}],"wp:attachment":[{"href":"https:\/\/blogdoedvaldomagalhaes.com.br\/index.php\/wp-json\/wp\/v2\/media?parent=40909"}],"wp:term":[{"taxonomy":"category","embeddable":true,"href":"https:\/\/blogdoedvaldomagalhaes.com.br\/index.php\/wp-json\/wp\/v2\/categories?post=40909"},{"taxonomy":"post_tag","embeddable":true,"href":"https:\/\/blogdoedvaldomagalhaes.com.br\/index.php\/wp-json\/wp\/v2\/tags?post=40909"}],"curies":[{"name":"wp","href":"https:\/\/api.w.org\/{rel}","templated":true}]}}