{"id":40904,"date":"2019-04-08T17:11:57","date_gmt":"2019-04-08T20:11:57","guid":{"rendered":"http:\/\/blogdoedvaldomagalhaes.com.br\/?p=40904"},"modified":"2019-04-08T17:44:03","modified_gmt":"2019-04-08T20:44:03","slug":"caminhantes-por-paixao-completa-34-anos","status":"publish","type":"post","link":"https:\/\/blogdoedvaldomagalhaes.com.br\/index.php\/2019\/04\/08\/caminhantes-por-paixao-completa-34-anos\/","title":{"rendered":"Caminhantes por Paix\u00e3o completa 34 anos"},"content":{"rendered":"\n<p>Caminhantes Por Paix\u00e3o A Original desde de 1985, sucesso a\n34 anos de tradi\u00e7\u00e3o, o evento acontece toda Sexta-Feira da Paix\u00e3o, esse ano\nser\u00e1 dia 19 de abril com sa\u00edda da antiga Coletoria em Caruaru \u00e0s 5 da manh\u00e3 at\u00e9\na comunidade de Cachoeira Seca no Lampi\u00e3o com um percurso de 22 km. A\nrealiza\u00e7\u00e3o \u00e9 do Promotor de Eventos Jos\u00e9 Augusto Soares (Augusto Eventos).<\/p>\n\n\n\n<p>COMO\nPARTICIPAR COM DIREITO <\/p>\n\n\n\n<p>&nbsp;&nbsp;&nbsp; Compre seu Kit na Banca de Revista Terceiro\nMundo no valor de R$ 25,00 (vinte e cinco reais) com direito a camiseta, chap\u00e9u\nde palha, no percurso da caminhada: \u00e1gua mineral, frutas, carro de apoio. O\nretorno ser\u00e1 \u00e0s 10 horas em \u00f4nibus especial vindo para o Polo Caruaru para\nentrega de Certificado de Participa\u00e7\u00e3o acompanhado de um kit no valor de R$\n12,00 (doze reais) para os caminhantes usar em qualquer lugar na \u00e1rea de\nalimenta\u00e7\u00e3o do Polo ao som do tradicional forr\u00f3-p\u00e9 de serra em uma grande\nconfraterniza\u00e7\u00e3o. \u00c0s 13h tem \u00f4nibus retorno para o centro da cidade, tudo isso\nfazendo parte na compra do kit Caminhantes Por Paix\u00e3o a Original, participe do\nnosso Grupo no Whatsapp&nbsp; 9 9292-7062 para\nmelhores informa\u00e7\u00f5es.<\/p>\n\n\n\n<p>&nbsp;&nbsp;&nbsp; A realiza\u00e7\u00e3o \u00e9 do Promotor de Eventos Jos\u00e9 Augusto\nSoares (Augusto Eventos)&nbsp; Fones: 9\n9292-7062 \/ 9 9936-4441 <\/p>\n\n\n\n<p>Os Kits\nj\u00e1 est\u00e3o \u00e0s vendas na Banca de Revista Terceiro Mundo valor R$ 25,00 com toda\nnumera\u00e7\u00e3o, compre j\u00e1 o seu Kit Caminhantes Por Paix\u00e3o A Original. <\/p>\n","protected":false},"excerpt":{"rendered":"<p>Caminhantes Por Paix\u00e3o A Original desde de 1985, sucesso a 34 anos de tradi\u00e7\u00e3o, o evento acontece toda Sexta-Feira da&hellip;<\/p>\n","protected":false},"author":1,"featured_media":40905,"comment_status":"closed","ping_status":"open","sticky":false,"template":"","format":"standard","meta":{"footnotes":""},"categories":[14120],"tags":[2,14896],"class_list":["post-40904","post","type-post","status-publish","format-standard","has-post-thumbnail","hentry","category-noticias","tag-blog-do-edvaldo-magalhaes","tag-caminhantes-por-paixao-completa-34-anos"],"_links":{"self":[{"href":"https:\/\/blogdoedvaldomagalhaes.com.br\/index.php\/wp-json\/wp\/v2\/posts\/40904","targetHints":{"allow":["GET"]}}],"collection":[{"href":"https:\/\/blogdoedvaldomagalhaes.com.br\/index.php\/wp-json\/wp\/v2\/posts"}],"about":[{"href":"https:\/\/blogdoedvaldomagalhaes.com.br\/index.php\/wp-json\/wp\/v2\/types\/post"}],"author":[{"embeddable":true,"href":"https:\/\/blogdoedvaldomagalhaes.com.br\/index.php\/wp-json\/wp\/v2\/users\/1"}],"replies":[{"embeddable":true,"href":"https:\/\/blogdoedvaldomagalhaes.com.br\/index.php\/wp-json\/wp\/v2\/comments?post=40904"}],"version-history":[{"count":3,"href":"https:\/\/blogdoedvaldomagalhaes.com.br\/index.php\/wp-json\/wp\/v2\/posts\/40904\/revisions"}],"predecessor-version":[{"id":40908,"href":"https:\/\/blogdoedvaldomagalhaes.com.br\/index.php\/wp-json\/wp\/v2\/posts\/40904\/revisions\/40908"}],"wp:featuredmedia":[{"embeddable":true,"href":"https:\/\/blogdoedvaldomagalhaes.com.br\/index.php\/wp-json\/wp\/v2\/media\/40905"}],"wp:attachment":[{"href":"https:\/\/blogdoedvaldomagalhaes.com.br\/index.php\/wp-json\/wp\/v2\/media?parent=40904"}],"wp:term":[{"taxonomy":"category","embeddable":true,"href":"https:\/\/blogdoedvaldomagalhaes.com.br\/index.php\/wp-json\/wp\/v2\/categories?post=40904"},{"taxonomy":"post_tag","embeddable":true,"href":"https:\/\/blogdoedvaldomagalhaes.com.br\/index.php\/wp-json\/wp\/v2\/tags?post=40904"}],"curies":[{"name":"wp","href":"https:\/\/api.w.org\/{rel}","templated":true}]}}