{"id":40900,"date":"2019-04-08T14:46:55","date_gmt":"2019-04-08T17:46:55","guid":{"rendered":"http:\/\/blogdoedvaldomagalhaes.com.br\/?p=40900"},"modified":"2019-04-08T14:46:58","modified_gmt":"2019-04-08T17:46:58","slug":"central-contrata-atacante-pedro-maycon","status":"publish","type":"post","link":"https:\/\/blogdoedvaldomagalhaes.com.br\/index.php\/2019\/04\/08\/central-contrata-atacante-pedro-maycon\/","title":{"rendered":"Central contrata atacante Pedro Maycon"},"content":{"rendered":"\n<p>Pedro Maycon dos Anjos Francisco, o Pedro Maycon, 24 anos, chega ao Central Sport Club para a disputa do Campeonato Brasileiro da S\u00e9rie D 2019.<\/p>\n\n\n\n<p>O atacante foi revelado pelo Serra Talhada em 2014. O jogador \u00e9 conhecido em Pernambuco e Alagoas, pois atuou, al\u00e9m do Serra Talhada, no Afogados, Cabense e CSE\/AL. Seu \u00faltimo clube foi o Flamengo de Arcoverde, no qual teve destaque em fun\u00e7\u00e3o dos quatro gols marcados em sete jogos no Campeonato Pernambucano A1 2019. Pedro Maycon balan\u00e7ou exclusivamente as redes dos times da capital do Estado. Foi um na estreia contra o Sport, um diante do Santa Cruz e para fechar a conta, dois no N\u00e1utico.<\/p>\n\n\n\n<p>Pedro Maycon chega para refor\u00e7ar o ataque da Patativa Marvada no objetivo de conquistar o acesso para S\u00e9rie C de 2020.<\/p>\n","protected":false},"excerpt":{"rendered":"<p>Pedro Maycon dos Anjos Francisco, o Pedro Maycon, 24 anos, chega ao Central Sport Club para a disputa do Campeonato&hellip;<\/p>\n","protected":false},"author":1,"featured_media":40901,"comment_status":"closed","ping_status":"open","sticky":false,"template":"","format":"standard","meta":{"footnotes":""},"categories":[14124],"tags":[2,14895],"class_list":["post-40900","post","type-post","status-publish","format-standard","has-post-thumbnail","hentry","category-centralsc","tag-blog-do-edvaldo-magalhaes","tag-central-contrata-atacante-pedro-maycon"],"_links":{"self":[{"href":"https:\/\/blogdoedvaldomagalhaes.com.br\/index.php\/wp-json\/wp\/v2\/posts\/40900","targetHints":{"allow":["GET"]}}],"collection":[{"href":"https:\/\/blogdoedvaldomagalhaes.com.br\/index.php\/wp-json\/wp\/v2\/posts"}],"about":[{"href":"https:\/\/blogdoedvaldomagalhaes.com.br\/index.php\/wp-json\/wp\/v2\/types\/post"}],"author":[{"embeddable":true,"href":"https:\/\/blogdoedvaldomagalhaes.com.br\/index.php\/wp-json\/wp\/v2\/users\/1"}],"replies":[{"embeddable":true,"href":"https:\/\/blogdoedvaldomagalhaes.com.br\/index.php\/wp-json\/wp\/v2\/comments?post=40900"}],"version-history":[{"count":1,"href":"https:\/\/blogdoedvaldomagalhaes.com.br\/index.php\/wp-json\/wp\/v2\/posts\/40900\/revisions"}],"predecessor-version":[{"id":40902,"href":"https:\/\/blogdoedvaldomagalhaes.com.br\/index.php\/wp-json\/wp\/v2\/posts\/40900\/revisions\/40902"}],"wp:featuredmedia":[{"embeddable":true,"href":"https:\/\/blogdoedvaldomagalhaes.com.br\/index.php\/wp-json\/wp\/v2\/media\/40901"}],"wp:attachment":[{"href":"https:\/\/blogdoedvaldomagalhaes.com.br\/index.php\/wp-json\/wp\/v2\/media?parent=40900"}],"wp:term":[{"taxonomy":"category","embeddable":true,"href":"https:\/\/blogdoedvaldomagalhaes.com.br\/index.php\/wp-json\/wp\/v2\/categories?post=40900"},{"taxonomy":"post_tag","embeddable":true,"href":"https:\/\/blogdoedvaldomagalhaes.com.br\/index.php\/wp-json\/wp\/v2\/tags?post=40900"}],"curies":[{"name":"wp","href":"https:\/\/api.w.org\/{rel}","templated":true}]}}