{"id":40886,"date":"2019-04-08T12:29:29","date_gmt":"2019-04-08T15:29:29","guid":{"rendered":"http:\/\/blogdoedvaldomagalhaes.com.br\/?p=40886"},"modified":"2019-04-09T15:31:55","modified_gmt":"2019-04-09T18:31:55","slug":"ultimas-chuvas-nao-elevam-nivel-das-barragens-que-abastecem-caruaru","status":"publish","type":"post","link":"https:\/\/blogdoedvaldomagalhaes.com.br\/index.php\/2019\/04\/08\/ultimas-chuvas-nao-elevam-nivel-das-barragens-que-abastecem-caruaru\/","title":{"rendered":"\u00daltimas chuvas n\u00e3o elevam n\u00edvel das barragens que abastecem Caruaru"},"content":{"rendered":"\n<p>Nos \u00faltimos dias fortes chuvas foram registradas em Caruaru, por\u00e9m, a \u00e1gua n\u00e3o chegou nas cabeceiras dos rios dos mananciais que abastecem a cidade. De acordo com a diretora t\u00e9cnica da Ger\u00eancia Regional da Compesa de Caruaru, Bruna Borges, a barragem do Sistema Jucazinho continua com volume morto, sendo 2,65% de sua capacidade. A barragem do Sistema Prata est\u00e1 com 50% de sua capacidade. No 1\u00ba Distrito de Caruaru, a barragem de Serra dos Cavalos est\u00e1 30% e a barragem de Guilherme Azevedo est\u00e1 com 47%.<\/p>\n\n\n\n<p>Foto da barragem Jucazinho: Jos\u00e9 Augusto\/Cortesia.<\/p>\n","protected":false},"excerpt":{"rendered":"<p>Nos \u00faltimos dias fortes chuvas foram registradas em Caruaru, por\u00e9m, a \u00e1gua n\u00e3o chegou nas cabeceiras dos rios dos mananciais&hellip;<\/p>\n","protected":false},"author":1,"featured_media":40887,"comment_status":"closed","ping_status":"open","sticky":false,"template":"","format":"standard","meta":{"footnotes":""},"categories":[14120],"tags":[2,14894],"class_list":["post-40886","post","type-post","status-publish","format-standard","has-post-thumbnail","hentry","category-noticias","tag-blog-do-edvaldo-magalhaes","tag-ultimas-chuvas-nao-elevam-nivel-das-barragens-que-abastecem-caruaru"],"_links":{"self":[{"href":"https:\/\/blogdoedvaldomagalhaes.com.br\/index.php\/wp-json\/wp\/v2\/posts\/40886","targetHints":{"allow":["GET"]}}],"collection":[{"href":"https:\/\/blogdoedvaldomagalhaes.com.br\/index.php\/wp-json\/wp\/v2\/posts"}],"about":[{"href":"https:\/\/blogdoedvaldomagalhaes.com.br\/index.php\/wp-json\/wp\/v2\/types\/post"}],"author":[{"embeddable":true,"href":"https:\/\/blogdoedvaldomagalhaes.com.br\/index.php\/wp-json\/wp\/v2\/users\/1"}],"replies":[{"embeddable":true,"href":"https:\/\/blogdoedvaldomagalhaes.com.br\/index.php\/wp-json\/wp\/v2\/comments?post=40886"}],"version-history":[{"count":8,"href":"https:\/\/blogdoedvaldomagalhaes.com.br\/index.php\/wp-json\/wp\/v2\/posts\/40886\/revisions"}],"predecessor-version":[{"id":40935,"href":"https:\/\/blogdoedvaldomagalhaes.com.br\/index.php\/wp-json\/wp\/v2\/posts\/40886\/revisions\/40935"}],"wp:featuredmedia":[{"embeddable":true,"href":"https:\/\/blogdoedvaldomagalhaes.com.br\/index.php\/wp-json\/wp\/v2\/media\/40887"}],"wp:attachment":[{"href":"https:\/\/blogdoedvaldomagalhaes.com.br\/index.php\/wp-json\/wp\/v2\/media?parent=40886"}],"wp:term":[{"taxonomy":"category","embeddable":true,"href":"https:\/\/blogdoedvaldomagalhaes.com.br\/index.php\/wp-json\/wp\/v2\/categories?post=40886"},{"taxonomy":"post_tag","embeddable":true,"href":"https:\/\/blogdoedvaldomagalhaes.com.br\/index.php\/wp-json\/wp\/v2\/tags?post=40886"}],"curies":[{"name":"wp","href":"https:\/\/api.w.org\/{rel}","templated":true}]}}