{"id":40873,"date":"2019-04-08T10:41:47","date_gmt":"2019-04-08T13:41:47","guid":{"rendered":"http:\/\/blogdoedvaldomagalhaes.com.br\/?p=40873"},"modified":"2019-04-08T12:21:16","modified_gmt":"2019-04-08T15:21:16","slug":"lancamento-do-sao-joao-2019-de-caruaru-tem-data-e-local-definidos","status":"publish","type":"post","link":"https:\/\/blogdoedvaldomagalhaes.com.br\/index.php\/2019\/04\/08\/lancamento-do-sao-joao-2019-de-caruaru-tem-data-e-local-definidos\/","title":{"rendered":"Lan\u00e7amento do S\u00e3o Jo\u00e3o 2019 de Caruaru tem data e local definidos"},"content":{"rendered":"\n<p>O lan\u00e7amento do S\u00e3o Jo\u00e3o 2019 de Caruaru, ser\u00e1 no Alto do Moura, no dia 30 deste m\u00eas. A festa ser\u00e1 do dia 1\u00ba a 30 de junho, com 17 datas no P\u00e1tio de Eventos Luiz Gonzaga e 23 datas na Esta\u00e7\u00e3o Ferrovi\u00e1ria. Nos dias 18 e 25 de maio, haver\u00e1 uma pr\u00e9via do S\u00e3o Jo\u00e3o na rua 13 de Maio. As matin\u00eas v\u00e3o continuar, com as atra\u00e7\u00f5es nacionais se apresentando entre 20h e 22h, e j\u00e1 est\u00e3o sendo contactadas. Nomes como Jorge de Altinho, Benil, Fl\u00e1vio Jos\u00e9, Santanna, Petr\u00facio Amorim, Waldonys, Alcymar Monteiro, Israel Filho, Renilda Cardoso, Azul\u00e3o e Azuli\u00e3o, estar\u00e3o no palco principal, al\u00e9m do DJ Alok, L\u00e9o Santana, Xandy Avi\u00f5es, Mar\u00edlia Mendon\u00e7a, Gustavo Mioto, Mano Walter, Bell Marques, Elba Ramalho, Z\u00e9 Neto &amp; Cristiano, entre outros.<\/p>\n\n\n\n<p>Um dos homenageados do S\u00e3o Jo\u00e3o 2019, ser\u00e1 Sebasti\u00e3o Biano. A Prefeitura de Caruaru fechou contrato de patroc\u00ednio com o Facebook, atrav\u00e9s da Lei Rouanet, e abriu chamamento p\u00fablico para adquirir 20 cotas de patrocinadores, pretendendo chegar a arrecada\u00e7\u00e3o de 11 milh\u00f5es de reais, para cobrir as despesas do evento.<\/p>\n\n\n\n<p>Em 2018 foram 10 Polos na zona rural, e neste ano de 2019, ser\u00e3o 12 Polos, incluindo Ita\u00fana e Canna\u00e3. Est\u00e1 em estudo o Polo Monte Bom Jesus, com m\u00fasicas instrumentais, que poder\u00e1 ser outra novidade do per\u00edodo junino. Os Polos Infantil e das Quadrilhas, est\u00e3o confirmados.<\/p>\n\n\n\n<p>Foto: Divulga\u00e7\u00e3o.<\/p>\n","protected":false},"excerpt":{"rendered":"<p>O lan\u00e7amento do S\u00e3o Jo\u00e3o 2019 de Caruaru, ser\u00e1 no Alto do Moura, no dia 30 deste m\u00eas. A festa&hellip;<\/p>\n","protected":false},"author":1,"featured_media":40874,"comment_status":"closed","ping_status":"open","sticky":false,"template":"","format":"standard","meta":{"footnotes":""},"categories":[14120],"tags":[2,14893],"class_list":["post-40873","post","type-post","status-publish","format-standard","has-post-thumbnail","hentry","category-noticias","tag-blog-do-edvaldo-magalhaes","tag-lancamento-do-sao-joao-2019-de-caruaru-tem-data-e-local-definidos"],"_links":{"self":[{"href":"https:\/\/blogdoedvaldomagalhaes.com.br\/index.php\/wp-json\/wp\/v2\/posts\/40873","targetHints":{"allow":["GET"]}}],"collection":[{"href":"https:\/\/blogdoedvaldomagalhaes.com.br\/index.php\/wp-json\/wp\/v2\/posts"}],"about":[{"href":"https:\/\/blogdoedvaldomagalhaes.com.br\/index.php\/wp-json\/wp\/v2\/types\/post"}],"author":[{"embeddable":true,"href":"https:\/\/blogdoedvaldomagalhaes.com.br\/index.php\/wp-json\/wp\/v2\/users\/1"}],"replies":[{"embeddable":true,"href":"https:\/\/blogdoedvaldomagalhaes.com.br\/index.php\/wp-json\/wp\/v2\/comments?post=40873"}],"version-history":[{"count":9,"href":"https:\/\/blogdoedvaldomagalhaes.com.br\/index.php\/wp-json\/wp\/v2\/posts\/40873\/revisions"}],"predecessor-version":[{"id":40885,"href":"https:\/\/blogdoedvaldomagalhaes.com.br\/index.php\/wp-json\/wp\/v2\/posts\/40873\/revisions\/40885"}],"wp:featuredmedia":[{"embeddable":true,"href":"https:\/\/blogdoedvaldomagalhaes.com.br\/index.php\/wp-json\/wp\/v2\/media\/40874"}],"wp:attachment":[{"href":"https:\/\/blogdoedvaldomagalhaes.com.br\/index.php\/wp-json\/wp\/v2\/media?parent=40873"}],"wp:term":[{"taxonomy":"category","embeddable":true,"href":"https:\/\/blogdoedvaldomagalhaes.com.br\/index.php\/wp-json\/wp\/v2\/categories?post=40873"},{"taxonomy":"post_tag","embeddable":true,"href":"https:\/\/blogdoedvaldomagalhaes.com.br\/index.php\/wp-json\/wp\/v2\/tags?post=40873"}],"curies":[{"name":"wp","href":"https:\/\/api.w.org\/{rel}","templated":true}]}}