{"id":40870,"date":"2019-04-08T09:03:07","date_gmt":"2019-04-08T12:03:07","guid":{"rendered":"http:\/\/blogdoedvaldomagalhaes.com.br\/?p=40870"},"modified":"2019-04-08T09:03:12","modified_gmt":"2019-04-08T12:03:12","slug":"aulas-do-fortalece-igualdade-comecam-em-caruaru","status":"publish","type":"post","link":"https:\/\/blogdoedvaldomagalhaes.com.br\/index.php\/2019\/04\/08\/aulas-do-fortalece-igualdade-comecam-em-caruaru\/","title":{"rendered":"Aulas do Fortalece Igualdade come\u00e7am em Caruaru"},"content":{"rendered":"\n<p>O munic\u00edpio de Caruaru, no Agreste de Pernambuco, inicia na pr\u00f3xima segunda-feira (8), o projeto Fortalece Igualdade, uma iniciativa da Secretaria do Trabalho, Emprego e Qualifica\u00e7\u00e3o do Estado que contou com o apoio do governo federal e da prefeitura do munic\u00edpio. A a\u00e7\u00e3o \u00e9 in\u00e9dita em Pernambuco.<\/p>\n\n\n\n<p>Ao todo, 25 pessoas da popula\u00e7\u00e3o negra, pertencente \u00e0 comunidade LGBTQ+, participar\u00e3o do curso de No\u00e7\u00f5es de Risco e Corte, Modelagem em Moda Praia e Moda \u00cdntima. As aulas come\u00e7am \u00e0s 13h, no Centro de Qualifica\u00e7\u00e3o Profissional, localizado na Rua Roberto Simonsen, 201D, Salgado.<\/p>\n\n\n\n<p>O Projeto Fortalece Igualdade \u00e9 resultado de uma parceria entre a Seteq e o Minist\u00e9rio da Mulher, da Fam\u00edlia e dos Direitos Humanos. As prefeituras est\u00e3o ajudando com a cess\u00e3o do local. Ao todo, 200 vagas est\u00e3o sendo ofertadas para capacita\u00e7\u00e3o.<\/p>\n\n\n\n<p>No Estado, s\u00e3o quatro cursos gratuitos de qualifica\u00e7\u00e3o profissional disponibilizados para sete munic\u00edpios pernambucanos de forma in\u00e9dita. As inscri\u00e7\u00f5es continuam abertas para Olinda, Paulista, Petrolina e Garanhuns. Mais informa\u00e7\u00f5es, entre no site www.seteq.pe.gov.br<\/p>\n\n\n\n<p>As fotos s\u00e3o do Fortalece Igualdade do Recife. A turma do Recife abriu no dia 25 de mar\u00e7o.<br> O secret\u00e1rio Alberes Lopes e sua equipe participar\u00e3o da abertura do Fortalece em Caruaru<\/p>\n","protected":false},"excerpt":{"rendered":"<p>O munic\u00edpio de Caruaru, no Agreste de Pernambuco, inicia na pr\u00f3xima segunda-feira (8), o projeto Fortalece Igualdade, uma iniciativa da&hellip;<\/p>\n","protected":false},"author":1,"featured_media":40871,"comment_status":"closed","ping_status":"open","sticky":false,"template":"","format":"standard","meta":{"footnotes":""},"categories":[14120],"tags":[14892,2],"class_list":["post-40870","post","type-post","status-publish","format-standard","has-post-thumbnail","hentry","category-noticias","tag-aulas-do-fortalece-igualdade-comecam-em-caruaru","tag-blog-do-edvaldo-magalhaes"],"_links":{"self":[{"href":"https:\/\/blogdoedvaldomagalhaes.com.br\/index.php\/wp-json\/wp\/v2\/posts\/40870","targetHints":{"allow":["GET"]}}],"collection":[{"href":"https:\/\/blogdoedvaldomagalhaes.com.br\/index.php\/wp-json\/wp\/v2\/posts"}],"about":[{"href":"https:\/\/blogdoedvaldomagalhaes.com.br\/index.php\/wp-json\/wp\/v2\/types\/post"}],"author":[{"embeddable":true,"href":"https:\/\/blogdoedvaldomagalhaes.com.br\/index.php\/wp-json\/wp\/v2\/users\/1"}],"replies":[{"embeddable":true,"href":"https:\/\/blogdoedvaldomagalhaes.com.br\/index.php\/wp-json\/wp\/v2\/comments?post=40870"}],"version-history":[{"count":1,"href":"https:\/\/blogdoedvaldomagalhaes.com.br\/index.php\/wp-json\/wp\/v2\/posts\/40870\/revisions"}],"predecessor-version":[{"id":40872,"href":"https:\/\/blogdoedvaldomagalhaes.com.br\/index.php\/wp-json\/wp\/v2\/posts\/40870\/revisions\/40872"}],"wp:featuredmedia":[{"embeddable":true,"href":"https:\/\/blogdoedvaldomagalhaes.com.br\/index.php\/wp-json\/wp\/v2\/media\/40871"}],"wp:attachment":[{"href":"https:\/\/blogdoedvaldomagalhaes.com.br\/index.php\/wp-json\/wp\/v2\/media?parent=40870"}],"wp:term":[{"taxonomy":"category","embeddable":true,"href":"https:\/\/blogdoedvaldomagalhaes.com.br\/index.php\/wp-json\/wp\/v2\/categories?post=40870"},{"taxonomy":"post_tag","embeddable":true,"href":"https:\/\/blogdoedvaldomagalhaes.com.br\/index.php\/wp-json\/wp\/v2\/tags?post=40870"}],"curies":[{"name":"wp","href":"https:\/\/api.w.org\/{rel}","templated":true}]}}