{"id":40867,"date":"2019-04-08T08:52:19","date_gmt":"2019-04-08T11:52:19","guid":{"rendered":"http:\/\/blogdoedvaldomagalhaes.com.br\/?p=40867"},"modified":"2019-04-08T08:52:23","modified_gmt":"2019-04-08T11:52:23","slug":"projeto-de-lei-quer-semaforos-funcionando-com-energia-solar-em-caruaru","status":"publish","type":"post","link":"https:\/\/blogdoedvaldomagalhaes.com.br\/index.php\/2019\/04\/08\/projeto-de-lei-quer-semaforos-funcionando-com-energia-solar-em-caruaru\/","title":{"rendered":"Projeto de Lei quer sem\u00e1foros funcionando com energia solar em Caruaru"},"content":{"rendered":"\n<p>Na sess\u00e3o da \u00faltima quinta-feira (04), os vereadores aprovaram em primeira discuss\u00e3o, o Projeto de Lei 7744\/2018 de autoria do vereador Lula T\u00f4rres (PSDB), que visa fazer com que os sem\u00e1foros de Caruaru funcionem \u00e0 base de energia solar. <\/p>\n\n\n\n<p>A ideia \u00e9 fazer com que esses equipamentos \u2013 ligados 24 horas por dia \u2013 sejam dotados de c\u00e9lulas fotovoltaicas para converter raios solares em energia armazenadas. O objetivo final \u00e9 promover sustentabilidade e economia de energia el\u00e9trica em Caruaru, a exemplo do que j\u00e1 acontece em Macei\u00f3, Alagoas, que possui sem\u00e1foros com energia solar. <\/p>\n\n\n\n<p>Para Lula T\u00f4rres, a utiliza\u00e7\u00e3o de recursos naturais, neste \u00e2mbito, promover\u00e1 uma cidade mais sustent\u00e1vel. \u201cComo parlamentar, tamb\u00e9m \u00e9 meu dever pensar na Caruaru que queremos deixar para os nossos filhos e netos, e trazer este tipo de projeto s\u00f3 contribui para um munic\u00edpio que economiza e pensa no meio ambiente\u201d. <\/p>\n\n\n\n<p>O projeto de lei precisa ser votado novamente para ser aprovado e enviado para san\u00e7\u00e3o da Prefeita Raquel Lyra. A expectativa \u00e9 de que o PL ganhe o aval dos parlamentares j\u00e1 na pr\u00f3xima ter\u00e7a (09).<\/p>\n","protected":false},"excerpt":{"rendered":"<p>Na sess\u00e3o da \u00faltima quinta-feira (04), os vereadores aprovaram em primeira discuss\u00e3o, o Projeto de Lei 7744\/2018 de autoria do&hellip;<\/p>\n","protected":false},"author":1,"featured_media":40868,"comment_status":"closed","ping_status":"open","sticky":false,"template":"","format":"standard","meta":{"footnotes":""},"categories":[14122],"tags":[2,14891],"class_list":["post-40867","post","type-post","status-publish","format-standard","has-post-thumbnail","hentry","category-politica","tag-blog-do-edvaldo-magalhaes","tag-projeto-de-lei-quer-semaforos-funcionando-com-energia-solar-em-caruaru"],"_links":{"self":[{"href":"https:\/\/blogdoedvaldomagalhaes.com.br\/index.php\/wp-json\/wp\/v2\/posts\/40867","targetHints":{"allow":["GET"]}}],"collection":[{"href":"https:\/\/blogdoedvaldomagalhaes.com.br\/index.php\/wp-json\/wp\/v2\/posts"}],"about":[{"href":"https:\/\/blogdoedvaldomagalhaes.com.br\/index.php\/wp-json\/wp\/v2\/types\/post"}],"author":[{"embeddable":true,"href":"https:\/\/blogdoedvaldomagalhaes.com.br\/index.php\/wp-json\/wp\/v2\/users\/1"}],"replies":[{"embeddable":true,"href":"https:\/\/blogdoedvaldomagalhaes.com.br\/index.php\/wp-json\/wp\/v2\/comments?post=40867"}],"version-history":[{"count":1,"href":"https:\/\/blogdoedvaldomagalhaes.com.br\/index.php\/wp-json\/wp\/v2\/posts\/40867\/revisions"}],"predecessor-version":[{"id":40869,"href":"https:\/\/blogdoedvaldomagalhaes.com.br\/index.php\/wp-json\/wp\/v2\/posts\/40867\/revisions\/40869"}],"wp:featuredmedia":[{"embeddable":true,"href":"https:\/\/blogdoedvaldomagalhaes.com.br\/index.php\/wp-json\/wp\/v2\/media\/40868"}],"wp:attachment":[{"href":"https:\/\/blogdoedvaldomagalhaes.com.br\/index.php\/wp-json\/wp\/v2\/media?parent=40867"}],"wp:term":[{"taxonomy":"category","embeddable":true,"href":"https:\/\/blogdoedvaldomagalhaes.com.br\/index.php\/wp-json\/wp\/v2\/categories?post=40867"},{"taxonomy":"post_tag","embeddable":true,"href":"https:\/\/blogdoedvaldomagalhaes.com.br\/index.php\/wp-json\/wp\/v2\/tags?post=40867"}],"curies":[{"name":"wp","href":"https:\/\/api.w.org\/{rel}","templated":true}]}}