{"id":40860,"date":"2019-04-07T20:57:23","date_gmt":"2019-04-07T23:57:23","guid":{"rendered":"http:\/\/blogdoedvaldomagalhaes.com.br\/?p=40860"},"modified":"2019-04-07T21:03:00","modified_gmt":"2019-04-08T00:03:00","slug":"chuva-e-vento-derrubam-casa-e-parte-de-muro-de-escola-em-caruaru","status":"publish","type":"post","link":"https:\/\/blogdoedvaldomagalhaes.com.br\/index.php\/2019\/04\/07\/chuva-e-vento-derrubam-casa-e-parte-de-muro-de-escola-em-caruaru\/","title":{"rendered":"Chuva e vento derrubam casa e parte de muro de escola em Caruaru"},"content":{"rendered":"\n<p>A forte chuva com vento na tarde deste domingo (07) derrubaram parte do muro da Escola Estadual Professor Lisboa, no bairro Boa Vista, em Caruaru, Agreste pernambucano. Dois carros que estavam estacionados no local foram atingidos.<\/p>\n\n\n\n<figure class=\"wp-block-image\"><img loading=\"lazy\" decoding=\"async\" width=\"1024\" height=\"576\" src=\"http:\/\/blogdoedvaldomagalhaes.com.br\/wp-content\/uploads\/2019\/04\/IMG-20190407-WA0020-1024x576.jpg\" alt=\"\" class=\"wp-image-40863\" srcset=\"https:\/\/blogdoedvaldomagalhaes.com.br\/wp-content\/uploads\/2019\/04\/IMG-20190407-WA0020-1024x576.jpg 1024w, https:\/\/blogdoedvaldomagalhaes.com.br\/wp-content\/uploads\/2019\/04\/IMG-20190407-WA0020-300x169.jpg 300w, https:\/\/blogdoedvaldomagalhaes.com.br\/wp-content\/uploads\/2019\/04\/IMG-20190407-WA0020-768x432.jpg 768w, https:\/\/blogdoedvaldomagalhaes.com.br\/wp-content\/uploads\/2019\/04\/IMG-20190407-WA0020-1140x641.jpg 1140w, https:\/\/blogdoedvaldomagalhaes.com.br\/wp-content\/uploads\/2019\/04\/IMG-20190407-WA0020-720x405.jpg 720w, https:\/\/blogdoedvaldomagalhaes.com.br\/wp-content\/uploads\/2019\/04\/IMG-20190407-WA0020.jpg 1152w\" sizes=\"auto, (max-width: 1024px) 100vw, 1024px\" \/><\/figure>\n\n\n\n<p>No bairro Santa Clara, uma casa tamb\u00e9m caiu durante a chuva. N\u00e3o houve feridos. Pontos de alagamentos foram registrados em v\u00e1rios bairros.<\/p>\n\n\n\n<figure class=\"wp-block-image\"><img loading=\"lazy\" decoding=\"async\" width=\"576\" height=\"1024\" src=\"http:\/\/blogdoedvaldomagalhaes.com.br\/wp-content\/uploads\/2019\/04\/IMG-20190407-WA0021-576x1024.jpg\" alt=\"\" class=\"wp-image-40865\" srcset=\"https:\/\/blogdoedvaldomagalhaes.com.br\/wp-content\/uploads\/2019\/04\/IMG-20190407-WA0021-576x1024.jpg 576w, https:\/\/blogdoedvaldomagalhaes.com.br\/wp-content\/uploads\/2019\/04\/IMG-20190407-WA0021-169x300.jpg 169w, https:\/\/blogdoedvaldomagalhaes.com.br\/wp-content\/uploads\/2019\/04\/IMG-20190407-WA0021.jpg 720w\" sizes=\"auto, (max-width: 576px) 100vw, 576px\" \/><figcaption>Fotos: Reprodu\u00e7\u00e3o\/WhatsApp<\/figcaption><\/figure>\n\n\n\n<p>De acordo com a Ag\u00eancia Pernambucana de \u00c1guas e Clima (Apac), choveu 23 mil\u00edmetros na cidade.<\/p>\n\n\n\n<p>Informa\u00e7\u00f5es: Helenivaldo Pereira\/R\u00e1dio Liberdade.<\/p>\n","protected":false},"excerpt":{"rendered":"<p>A forte chuva com vento na tarde deste domingo (07) derrubaram parte do muro da Escola Estadual Professor Lisboa, no&hellip;<\/p>\n","protected":false},"author":1,"featured_media":40861,"comment_status":"closed","ping_status":"open","sticky":false,"template":"","format":"standard","meta":{"footnotes":""},"categories":[14120],"tags":[2,14890],"class_list":["post-40860","post","type-post","status-publish","format-standard","has-post-thumbnail","hentry","category-noticias","tag-blog-do-edvaldo-magalhaes","tag-chuva-e-vento-derrubam-casa-e-parte-de-muro-de-escola-em-caruaru"],"_links":{"self":[{"href":"https:\/\/blogdoedvaldomagalhaes.com.br\/index.php\/wp-json\/wp\/v2\/posts\/40860","targetHints":{"allow":["GET"]}}],"collection":[{"href":"https:\/\/blogdoedvaldomagalhaes.com.br\/index.php\/wp-json\/wp\/v2\/posts"}],"about":[{"href":"https:\/\/blogdoedvaldomagalhaes.com.br\/index.php\/wp-json\/wp\/v2\/types\/post"}],"author":[{"embeddable":true,"href":"https:\/\/blogdoedvaldomagalhaes.com.br\/index.php\/wp-json\/wp\/v2\/users\/1"}],"replies":[{"embeddable":true,"href":"https:\/\/blogdoedvaldomagalhaes.com.br\/index.php\/wp-json\/wp\/v2\/comments?post=40860"}],"version-history":[{"count":2,"href":"https:\/\/blogdoedvaldomagalhaes.com.br\/index.php\/wp-json\/wp\/v2\/posts\/40860\/revisions"}],"predecessor-version":[{"id":40866,"href":"https:\/\/blogdoedvaldomagalhaes.com.br\/index.php\/wp-json\/wp\/v2\/posts\/40860\/revisions\/40866"}],"wp:featuredmedia":[{"embeddable":true,"href":"https:\/\/blogdoedvaldomagalhaes.com.br\/index.php\/wp-json\/wp\/v2\/media\/40861"}],"wp:attachment":[{"href":"https:\/\/blogdoedvaldomagalhaes.com.br\/index.php\/wp-json\/wp\/v2\/media?parent=40860"}],"wp:term":[{"taxonomy":"category","embeddable":true,"href":"https:\/\/blogdoedvaldomagalhaes.com.br\/index.php\/wp-json\/wp\/v2\/categories?post=40860"},{"taxonomy":"post_tag","embeddable":true,"href":"https:\/\/blogdoedvaldomagalhaes.com.br\/index.php\/wp-json\/wp\/v2\/tags?post=40860"}],"curies":[{"name":"wp","href":"https:\/\/api.w.org\/{rel}","templated":true}]}}