{"id":40846,"date":"2019-04-07T07:43:00","date_gmt":"2019-04-07T10:43:00","guid":{"rendered":"http:\/\/blogdoedvaldomagalhaes.com.br\/?p=40846"},"modified":"2019-04-07T07:45:21","modified_gmt":"2019-04-07T10:45:21","slug":"abril-azul-caminhada-em-caruaru-neste-domingo-7","status":"publish","type":"post","link":"https:\/\/blogdoedvaldomagalhaes.com.br\/index.php\/2019\/04\/07\/abril-azul-caminhada-em-caruaru-neste-domingo-7\/","title":{"rendered":"Abril Azul: Caminhada em Caruaru neste domingo (7)"},"content":{"rendered":"\n<p>A programa\u00e7\u00e3o do Abril Azul prossegue neste domingo (07), em Caruaru. Haver\u00e1 uma caminhada na Visconde de Inha\u00fama, no bairro Maur\u00edcio de Nassau. A concentra\u00e7\u00e3o ser\u00e1 \u00e0s 15h, em frente ao McDonalds na Av Agamen\u00f4n Magalh\u00e3es. #Autismo #CaruaruPe #AbrilAzul.<br><\/p>\n\n\n\n<figure class=\"wp-block-image\"><img loading=\"lazy\" decoding=\"async\" width=\"1024\" height=\"723\" src=\"http:\/\/blogdoedvaldomagalhaes.com.br\/wp-content\/uploads\/2019\/04\/FB_IMG_1554633209780-1-1024x723.jpg\" alt=\"\" class=\"wp-image-40847\" srcset=\"https:\/\/blogdoedvaldomagalhaes.com.br\/wp-content\/uploads\/2019\/04\/FB_IMG_1554633209780-1-1024x723.jpg 1024w, https:\/\/blogdoedvaldomagalhaes.com.br\/wp-content\/uploads\/2019\/04\/FB_IMG_1554633209780-1-300x212.jpg 300w, https:\/\/blogdoedvaldomagalhaes.com.br\/wp-content\/uploads\/2019\/04\/FB_IMG_1554633209780-1-768x542.jpg 768w, https:\/\/blogdoedvaldomagalhaes.com.br\/wp-content\/uploads\/2019\/04\/FB_IMG_1554633209780-1.jpg 1280w\" sizes=\"auto, (max-width: 1024px) 100vw, 1024px\" \/><\/figure>\n","protected":false},"excerpt":{"rendered":"<p>A programa\u00e7\u00e3o do Abril Azul prossegue neste domingo (07), em Caruaru. Haver\u00e1 uma caminhada na Visconde de Inha\u00fama, no bairro&hellip;<\/p>\n","protected":false},"author":1,"featured_media":40849,"comment_status":"closed","ping_status":"open","sticky":false,"template":"","format":"standard","meta":{"footnotes":""},"categories":[14120],"tags":[14888,2],"class_list":["post-40846","post","type-post","status-publish","format-standard","has-post-thumbnail","hentry","category-noticias","tag-abril-azul-caminhada-em-caruaru-neste-domingo-7","tag-blog-do-edvaldo-magalhaes"],"_links":{"self":[{"href":"https:\/\/blogdoedvaldomagalhaes.com.br\/index.php\/wp-json\/wp\/v2\/posts\/40846","targetHints":{"allow":["GET"]}}],"collection":[{"href":"https:\/\/blogdoedvaldomagalhaes.com.br\/index.php\/wp-json\/wp\/v2\/posts"}],"about":[{"href":"https:\/\/blogdoedvaldomagalhaes.com.br\/index.php\/wp-json\/wp\/v2\/types\/post"}],"author":[{"embeddable":true,"href":"https:\/\/blogdoedvaldomagalhaes.com.br\/index.php\/wp-json\/wp\/v2\/users\/1"}],"replies":[{"embeddable":true,"href":"https:\/\/blogdoedvaldomagalhaes.com.br\/index.php\/wp-json\/wp\/v2\/comments?post=40846"}],"version-history":[{"count":1,"href":"https:\/\/blogdoedvaldomagalhaes.com.br\/index.php\/wp-json\/wp\/v2\/posts\/40846\/revisions"}],"predecessor-version":[{"id":40848,"href":"https:\/\/blogdoedvaldomagalhaes.com.br\/index.php\/wp-json\/wp\/v2\/posts\/40846\/revisions\/40848"}],"wp:featuredmedia":[{"embeddable":true,"href":"https:\/\/blogdoedvaldomagalhaes.com.br\/index.php\/wp-json\/wp\/v2\/media\/40849"}],"wp:attachment":[{"href":"https:\/\/blogdoedvaldomagalhaes.com.br\/index.php\/wp-json\/wp\/v2\/media?parent=40846"}],"wp:term":[{"taxonomy":"category","embeddable":true,"href":"https:\/\/blogdoedvaldomagalhaes.com.br\/index.php\/wp-json\/wp\/v2\/categories?post=40846"},{"taxonomy":"post_tag","embeddable":true,"href":"https:\/\/blogdoedvaldomagalhaes.com.br\/index.php\/wp-json\/wp\/v2\/tags?post=40846"}],"curies":[{"name":"wp","href":"https:\/\/api.w.org\/{rel}","templated":true}]}}