{"id":40831,"date":"2019-04-06T22:41:01","date_gmt":"2019-04-07T01:41:01","guid":{"rendered":"http:\/\/blogdoedvaldomagalhaes.com.br\/?p=40831"},"modified":"2019-04-06T23:58:23","modified_gmt":"2019-04-07T02:58:23","slug":"pastor-nicacio-moura-passa-bem-apos-cirurgia","status":"publish","type":"post","link":"https:\/\/blogdoedvaldomagalhaes.com.br\/index.php\/2019\/04\/06\/pastor-nicacio-moura-passa-bem-apos-cirurgia\/","title":{"rendered":"Pastor Nic\u00e1cio Moura passa bem ap\u00f3s cirurgia"},"content":{"rendered":"\n<p>Pastor Nic\u00e1cio Moura, da Igreja Evang\u00e9lica Congregacional Vale da Ben\u00e7\u00e3o Central, de Caruaru, terminou agora a pouco o processo cir\u00fargico ao qual havia se submetido no in\u00edcio da noite de hoje.<\/p>\n\n\n\n<p><br>Segundo informa\u00e7\u00e3o que nos foi repassada pelos acompanhantes, o m\u00e9dico declarou que a cirurgia foi bem sucedida, e a vis\u00e3o do olho direito ficou preservada, que era algo que estava preocupando. O pastor est\u00e1 consciente e em repouso.<\/p>\n\n\n\n<p><br>O reverendo estava internado por ter sofrido de um aneurisma. Nic\u00e1cio encontra-se internado em Recife, no Hospital Albert Sabin.<\/p>\n\n\n\n<p>Informa\u00e7\u00f5es: Paulo Nailson.<\/p>\n","protected":false},"excerpt":{"rendered":"<p>Pastor Nic\u00e1cio Moura, da Igreja Evang\u00e9lica Congregacional Vale da Ben\u00e7\u00e3o Central, de Caruaru, terminou agora a pouco o processo cir\u00fargico&hellip;<\/p>\n","protected":false},"author":1,"featured_media":40833,"comment_status":"closed","ping_status":"open","sticky":false,"template":"","format":"standard","meta":{"footnotes":""},"categories":[14120],"tags":[2,14886],"class_list":["post-40831","post","type-post","status-publish","format-standard","has-post-thumbnail","hentry","category-noticias","tag-blog-do-edvaldo-magalhaes","tag-pastor-nicacio-moura-passa-bem-apos-cirurgia"],"_links":{"self":[{"href":"https:\/\/blogdoedvaldomagalhaes.com.br\/index.php\/wp-json\/wp\/v2\/posts\/40831","targetHints":{"allow":["GET"]}}],"collection":[{"href":"https:\/\/blogdoedvaldomagalhaes.com.br\/index.php\/wp-json\/wp\/v2\/posts"}],"about":[{"href":"https:\/\/blogdoedvaldomagalhaes.com.br\/index.php\/wp-json\/wp\/v2\/types\/post"}],"author":[{"embeddable":true,"href":"https:\/\/blogdoedvaldomagalhaes.com.br\/index.php\/wp-json\/wp\/v2\/users\/1"}],"replies":[{"embeddable":true,"href":"https:\/\/blogdoedvaldomagalhaes.com.br\/index.php\/wp-json\/wp\/v2\/comments?post=40831"}],"version-history":[{"count":2,"href":"https:\/\/blogdoedvaldomagalhaes.com.br\/index.php\/wp-json\/wp\/v2\/posts\/40831\/revisions"}],"predecessor-version":[{"id":40841,"href":"https:\/\/blogdoedvaldomagalhaes.com.br\/index.php\/wp-json\/wp\/v2\/posts\/40831\/revisions\/40841"}],"wp:featuredmedia":[{"embeddable":true,"href":"https:\/\/blogdoedvaldomagalhaes.com.br\/index.php\/wp-json\/wp\/v2\/media\/40833"}],"wp:attachment":[{"href":"https:\/\/blogdoedvaldomagalhaes.com.br\/index.php\/wp-json\/wp\/v2\/media?parent=40831"}],"wp:term":[{"taxonomy":"category","embeddable":true,"href":"https:\/\/blogdoedvaldomagalhaes.com.br\/index.php\/wp-json\/wp\/v2\/categories?post=40831"},{"taxonomy":"post_tag","embeddable":true,"href":"https:\/\/blogdoedvaldomagalhaes.com.br\/index.php\/wp-json\/wp\/v2\/tags?post=40831"}],"curies":[{"name":"wp","href":"https:\/\/api.w.org\/{rel}","templated":true}]}}