{"id":40811,"date":"2019-04-06T20:50:10","date_gmt":"2019-04-06T23:50:10","guid":{"rendered":"http:\/\/blogdoedvaldomagalhaes.com.br\/?p=40811"},"modified":"2019-04-06T23:13:04","modified_gmt":"2019-04-07T02:13:04","slug":"homicidio-em-caruaru-neste-sabado-6","status":"publish","type":"post","link":"https:\/\/blogdoedvaldomagalhaes.com.br\/index.php\/2019\/04\/06\/homicidio-em-caruaru-neste-sabado-6\/","title":{"rendered":"Homicidio em Caruaru neste s\u00e1bado (6)"},"content":{"rendered":"\n<p>O crime de morte foi registrado na noite deste s\u00e1bado (06), na Travessa Nossa Senhora Aparecida, no bairro S\u00e3o Jo\u00e3o da Esc\u00f3cia, em Caruaru. A v\u00edtima foi o ex-presidi\u00e1rio Deiverson Pereira dos Santos, 20 anos de idade, residente na rua Esdras de Faria, no mesmo bairro do assassinato.<\/p>\n\n\n\n<p>De acordo com informa\u00e7\u00f5es repassadas \u00e0 pol\u00edcia, o assassino estava em um carro. A v\u00edtima tinha envolvimento com tr\u00e1fico de drogas, segundo investiga\u00e7\u00f5es policiais.<\/p>\n\n\n\n<p>Uma equipe do Samu foi acionada, mas ao chegar no local, a v\u00edtima j\u00e1 estava em \u00f3bito. O corpo do jovem foi encaminhado para o IML de Caruaru.<\/p>\n\n\n\n<p>Este foi o 6\u00b0 homicidio no m\u00eas de abril e o 51\u00b0 no ano em Caruaru.<\/p>\n\n\n\n<figure class=\"wp-block-image\"><img loading=\"lazy\" decoding=\"async\" width=\"719\" height=\"402\" src=\"http:\/\/blogdoedvaldomagalhaes.com.br\/wp-content\/uploads\/2019\/04\/IMG-20190406-WA0208.jpg\" alt=\"\" class=\"wp-image-40813\" srcset=\"https:\/\/blogdoedvaldomagalhaes.com.br\/wp-content\/uploads\/2019\/04\/IMG-20190406-WA0208.jpg 719w, https:\/\/blogdoedvaldomagalhaes.com.br\/wp-content\/uploads\/2019\/04\/IMG-20190406-WA0208-300x168.jpg 300w\" sizes=\"auto, (max-width: 719px) 100vw, 719px\" \/><figcaption>Foto da v\u00edtima: Reprodu\u00e7\u00e3o\/WhatsApp<\/figcaption><\/figure>\n\n\n\n<p>Foto do local: Renan da Funer\u00e1ria.<\/p>\n","protected":false},"excerpt":{"rendered":"<p>O crime de morte foi registrado na noite deste s\u00e1bado (06), na Travessa Nossa Senhora Aparecida, no bairro S\u00e3o Jo\u00e3o&hellip;<\/p>\n","protected":false},"author":1,"featured_media":40812,"comment_status":"closed","ping_status":"open","sticky":false,"template":"","format":"standard","meta":{"footnotes":""},"categories":[14121],"tags":[],"class_list":["post-40811","post","type-post","status-publish","format-standard","has-post-thumbnail","hentry","category-policial"],"_links":{"self":[{"href":"https:\/\/blogdoedvaldomagalhaes.com.br\/index.php\/wp-json\/wp\/v2\/posts\/40811","targetHints":{"allow":["GET"]}}],"collection":[{"href":"https:\/\/blogdoedvaldomagalhaes.com.br\/index.php\/wp-json\/wp\/v2\/posts"}],"about":[{"href":"https:\/\/blogdoedvaldomagalhaes.com.br\/index.php\/wp-json\/wp\/v2\/types\/post"}],"author":[{"embeddable":true,"href":"https:\/\/blogdoedvaldomagalhaes.com.br\/index.php\/wp-json\/wp\/v2\/users\/1"}],"replies":[{"embeddable":true,"href":"https:\/\/blogdoedvaldomagalhaes.com.br\/index.php\/wp-json\/wp\/v2\/comments?post=40811"}],"version-history":[{"count":7,"href":"https:\/\/blogdoedvaldomagalhaes.com.br\/index.php\/wp-json\/wp\/v2\/posts\/40811\/revisions"}],"predecessor-version":[{"id":40834,"href":"https:\/\/blogdoedvaldomagalhaes.com.br\/index.php\/wp-json\/wp\/v2\/posts\/40811\/revisions\/40834"}],"wp:featuredmedia":[{"embeddable":true,"href":"https:\/\/blogdoedvaldomagalhaes.com.br\/index.php\/wp-json\/wp\/v2\/media\/40812"}],"wp:attachment":[{"href":"https:\/\/blogdoedvaldomagalhaes.com.br\/index.php\/wp-json\/wp\/v2\/media?parent=40811"}],"wp:term":[{"taxonomy":"category","embeddable":true,"href":"https:\/\/blogdoedvaldomagalhaes.com.br\/index.php\/wp-json\/wp\/v2\/categories?post=40811"},{"taxonomy":"post_tag","embeddable":true,"href":"https:\/\/blogdoedvaldomagalhaes.com.br\/index.php\/wp-json\/wp\/v2\/tags?post=40811"}],"curies":[{"name":"wp","href":"https:\/\/api.w.org\/{rel}","templated":true}]}}