{"id":40805,"date":"2019-04-06T20:08:55","date_gmt":"2019-04-06T23:08:55","guid":{"rendered":"http:\/\/blogdoedvaldomagalhaes.com.br\/?p=40805"},"modified":"2019-04-06T20:09:00","modified_gmt":"2019-04-06T23:09:00","slug":"caravana-do-jeans-durante-a-paixao-de-cristo-em-nova-jerusalem","status":"publish","type":"post","link":"https:\/\/blogdoedvaldomagalhaes.com.br\/index.php\/2019\/04\/06\/caravana-do-jeans-durante-a-paixao-de-cristo-em-nova-jerusalem\/","title":{"rendered":"Caravana do Jeans durante a Paix\u00e3o de Cristo em Nova Jerusal\u00e9m"},"content":{"rendered":"\n<p>Vem a\u00ed de 13 a 20 de Abril a 52\u00b0 Edi\u00e7\u00e3o da Paix\u00e3o de Cristo de Nova Jerusal\u00e9m Pernambuco, o maior espet\u00e1culo teatral do mundo. E durante os dias de apresenta\u00e7\u00e3o dos espet\u00e1culos da Paix\u00e3o de Cristo de Nova Jerusal\u00e9m, Toritama estar\u00e1 presente com o estande da &#8216;Caravana do Jeans&#8217;.<\/p>\n\n\n\n<p>Ao entrar na &#8216;Arena da Paix\u00e3o&#8217;, corredor que d\u00e1 acesso ao maior teatro ao ar livre do mundo, as pessoas logo ser\u00e3o recepcionadas com diversos estandes, muitos deles lojas improvisadas, que oferecem de lembran\u00e7as do evento, passando por camisas, quadros, produtos artesanais, importados e muito mais. Como tamb\u00e9m aqueles que servem para mostrar o que cidades e empresas tem para mostrar e at\u00e9 convidar para conhecer as cidades, suas empresas, produtos e eventos. E dentre estes estandes, est\u00e1 o da &#8216;Caravana do Jeans de Toritama&#8217;, que \u00e9 um projeto que conta com o apoio de empresas e personalidades de Toritama e de outras cidades que comp\u00f5em o P\u00f3lo de Confec\u00e7\u00f5es de Pernambuco. Estande este que tem o intuito de mostrar e divulgar o que Toritama e a regi\u00e3o tem de melhor, principalmente no seu com\u00e9rcio e na sua produ\u00e7\u00e3o t\u00eaxtil. Este ano, o projeto tem uma produ\u00e7\u00e3o da Ac.ssore Comunica\u00e7\u00e3o.<\/p>\n\n\n\n<figure class=\"wp-block-image\"><img loading=\"lazy\" decoding=\"async\" width=\"1024\" height=\"682\" src=\"http:\/\/blogdoedvaldomagalhaes.com.br\/wp-content\/uploads\/2019\/04\/IMG-20190406-WA0192-1024x682.jpg\" alt=\"\" class=\"wp-image-40807\" srcset=\"https:\/\/blogdoedvaldomagalhaes.com.br\/wp-content\/uploads\/2019\/04\/IMG-20190406-WA0192-1024x682.jpg 1024w, https:\/\/blogdoedvaldomagalhaes.com.br\/wp-content\/uploads\/2019\/04\/IMG-20190406-WA0192-300x200.jpg 300w, https:\/\/blogdoedvaldomagalhaes.com.br\/wp-content\/uploads\/2019\/04\/IMG-20190406-WA0192-768x511.jpg 768w, https:\/\/blogdoedvaldomagalhaes.com.br\/wp-content\/uploads\/2019\/04\/IMG-20190406-WA0192.jpg 1280w\" sizes=\"auto, (max-width: 1024px) 100vw, 1024px\" \/><\/figure>\n\n\n\n<p>Nele (O Estande) h\u00e1 al\u00e9m da divulga\u00e7\u00e3o, h\u00e1 tamb\u00e9m mercadoria dispon\u00edvel para aqueles que queiram levar para casa produtos de nossa regi\u00e3o. Durante todos dias de apresenta\u00e7\u00e3o do maior espet\u00e1culo teatral do mundo, o estande da Caravana do Jeans \u00e9 um dos mais visitados pelos que chegam at\u00e9 Fazenda Nova, distrito de Brejo da Madre de Deus, no agreste do estado. S\u00e3o em m\u00e9dia 5 mil pessoas por dia.<\/p>\n\n\n\n<figure class=\"wp-block-image\"><img loading=\"lazy\" decoding=\"async\" width=\"960\" height=\"720\" src=\"http:\/\/blogdoedvaldomagalhaes.com.br\/wp-content\/uploads\/2019\/04\/IMG-20190406-WA0190.jpg\" alt=\"\" class=\"wp-image-40809\" srcset=\"https:\/\/blogdoedvaldomagalhaes.com.br\/wp-content\/uploads\/2019\/04\/IMG-20190406-WA0190.jpg 960w, https:\/\/blogdoedvaldomagalhaes.com.br\/wp-content\/uploads\/2019\/04\/IMG-20190406-WA0190-300x225.jpg 300w, https:\/\/blogdoedvaldomagalhaes.com.br\/wp-content\/uploads\/2019\/04\/IMG-20190406-WA0190-768x576.jpg 768w, https:\/\/blogdoedvaldomagalhaes.com.br\/wp-content\/uploads\/2019\/04\/IMG-20190406-WA0190-160x120.jpg 160w\" sizes=\"auto, (max-width: 960px) 100vw, 960px\" \/><\/figure>\n\n\n\n<p>Ao som do bom e aut\u00eantico forr\u00f3 p\u00e9 de serra, bem interpretado pelo cantor Daniel Gouveia, &#8216;O Matuto de Catende&#8217;, os visitantes visitam o estande, observa os produtos expostos, tiram suas d\u00favidas, se informam sobre a confec\u00e7\u00e3o, suas particularidades, dias e hor\u00e1rios da feira de confec\u00e7\u00f5es, as festividades, como por exemplo o Festival do Jeans de Toritama, entre outros. E ainda d\u00e1 pra dan\u00e7ar um forrozinho.<\/p>\n\n\n\n<figure class=\"wp-block-image\"><img loading=\"lazy\" decoding=\"async\" width=\"1024\" height=\"682\" src=\"http:\/\/blogdoedvaldomagalhaes.com.br\/wp-content\/uploads\/2019\/04\/IMG-20190406-WA0189-1024x682.jpg\" alt=\"\" class=\"wp-image-40808\" srcset=\"https:\/\/blogdoedvaldomagalhaes.com.br\/wp-content\/uploads\/2019\/04\/IMG-20190406-WA0189-1024x682.jpg 1024w, https:\/\/blogdoedvaldomagalhaes.com.br\/wp-content\/uploads\/2019\/04\/IMG-20190406-WA0189-300x200.jpg 300w, https:\/\/blogdoedvaldomagalhaes.com.br\/wp-content\/uploads\/2019\/04\/IMG-20190406-WA0189-768x511.jpg 768w, https:\/\/blogdoedvaldomagalhaes.com.br\/wp-content\/uploads\/2019\/04\/IMG-20190406-WA0189.jpg 1280w\" sizes=\"auto, (max-width: 1024px) 100vw, 1024px\" \/><\/figure>\n\n\n\n<p>Este ano a Caravana do Jeans, tem como parceiros, a Metaurus Jeans, Toritama Golden Hotel, Postos S\u00e3o Carlos I e II, Edinaldo Tecidos e Aviamentos, a Una Clube de Benef\u00edcios entre outros. Al\u00e9m de cobertura exclusiva dos blogs: Blog do Edvaldo Magalh\u00e3es, Blog do Jess\u00e9 Aciole, Informativo Toritamense, TVZaine.com, Jornal Vertentes Not\u00edcias, Blog do Jairo Gomes entre outros e das r\u00e1dios: R\u00e1dio Lages FM 98,5 (Lajes, zona rural de Caruaru), R\u00e1dio Falc\u00e3o L\u00edder de Toritama 103,3 e Farol FM atrav\u00e9s do Programa Show de Not\u00edcias todos os s\u00e1bados das oito e meia as dez horas da manh\u00e3.<br>\nVenha voc\u00ea tamb\u00e9m ser mais um parceiro dessa caravana, ainda d\u00e1 tempo.<\/p>\n","protected":false},"excerpt":{"rendered":"<p>Vem a\u00ed de 13 a 20 de Abril a 52\u00b0 Edi\u00e7\u00e3o da Paix\u00e3o de Cristo de Nova Jerusal\u00e9m Pernambuco, o&hellip;<\/p>\n","protected":false},"author":1,"featured_media":40806,"comment_status":"closed","ping_status":"open","sticky":false,"template":"","format":"standard","meta":{"footnotes":""},"categories":[14120],"tags":[2,14884],"class_list":["post-40805","post","type-post","status-publish","format-standard","has-post-thumbnail","hentry","category-noticias","tag-blog-do-edvaldo-magalhaes","tag-caravana-do-jeans-durante-a-paixao-de-cristo-em-nova-jerusalem"],"_links":{"self":[{"href":"https:\/\/blogdoedvaldomagalhaes.com.br\/index.php\/wp-json\/wp\/v2\/posts\/40805","targetHints":{"allow":["GET"]}}],"collection":[{"href":"https:\/\/blogdoedvaldomagalhaes.com.br\/index.php\/wp-json\/wp\/v2\/posts"}],"about":[{"href":"https:\/\/blogdoedvaldomagalhaes.com.br\/index.php\/wp-json\/wp\/v2\/types\/post"}],"author":[{"embeddable":true,"href":"https:\/\/blogdoedvaldomagalhaes.com.br\/index.php\/wp-json\/wp\/v2\/users\/1"}],"replies":[{"embeddable":true,"href":"https:\/\/blogdoedvaldomagalhaes.com.br\/index.php\/wp-json\/wp\/v2\/comments?post=40805"}],"version-history":[{"count":1,"href":"https:\/\/blogdoedvaldomagalhaes.com.br\/index.php\/wp-json\/wp\/v2\/posts\/40805\/revisions"}],"predecessor-version":[{"id":40810,"href":"https:\/\/blogdoedvaldomagalhaes.com.br\/index.php\/wp-json\/wp\/v2\/posts\/40805\/revisions\/40810"}],"wp:featuredmedia":[{"embeddable":true,"href":"https:\/\/blogdoedvaldomagalhaes.com.br\/index.php\/wp-json\/wp\/v2\/media\/40806"}],"wp:attachment":[{"href":"https:\/\/blogdoedvaldomagalhaes.com.br\/index.php\/wp-json\/wp\/v2\/media?parent=40805"}],"wp:term":[{"taxonomy":"category","embeddable":true,"href":"https:\/\/blogdoedvaldomagalhaes.com.br\/index.php\/wp-json\/wp\/v2\/categories?post=40805"},{"taxonomy":"post_tag","embeddable":true,"href":"https:\/\/blogdoedvaldomagalhaes.com.br\/index.php\/wp-json\/wp\/v2\/tags?post=40805"}],"curies":[{"name":"wp","href":"https:\/\/api.w.org\/{rel}","templated":true}]}}