{"id":40796,"date":"2019-04-06T16:27:18","date_gmt":"2019-04-06T19:27:18","guid":{"rendered":"http:\/\/blogdoedvaldomagalhaes.com.br\/?p=40796"},"modified":"2019-04-06T22:22:59","modified_gmt":"2019-04-07T01:22:59","slug":"morre-professor-carlao-vice-presidente-do-sismuc-regional","status":"publish","type":"post","link":"https:\/\/blogdoedvaldomagalhaes.com.br\/index.php\/2019\/04\/06\/morre-professor-carlao-vice-presidente-do-sismuc-regional\/","title":{"rendered":"Morre professor Carl\u00e3o vice-presidente do Sismuc Regional"},"content":{"rendered":"\n<p>Morreu na tarde deste s\u00e1bado (06), Carlos Amaral, conhecido como professor Carl\u00e3o, aos 61 anos de idade. Ele era vice-presidente do Sismuc Regional Caruaru, e trabalhou em v\u00e1rias escolas da cidade.<\/p>\n\n\n\n<figure class=\"wp-block-image\"><img loading=\"lazy\" decoding=\"async\" width=\"1024\" height=\"952\" src=\"http:\/\/blogdoedvaldomagalhaes.com.br\/wp-content\/uploads\/2019\/04\/FB_IMG_1554579975103-1024x952.jpg\" alt=\"\" class=\"wp-image-40801\" srcset=\"https:\/\/blogdoedvaldomagalhaes.com.br\/wp-content\/uploads\/2019\/04\/FB_IMG_1554579975103-1024x952.jpg 1024w, https:\/\/blogdoedvaldomagalhaes.com.br\/wp-content\/uploads\/2019\/04\/FB_IMG_1554579975103-300x279.jpg 300w, https:\/\/blogdoedvaldomagalhaes.com.br\/wp-content\/uploads\/2019\/04\/FB_IMG_1554579975103-768x714.jpg 768w, https:\/\/blogdoedvaldomagalhaes.com.br\/wp-content\/uploads\/2019\/04\/FB_IMG_1554579975103.jpg 1080w\" sizes=\"auto, (max-width: 1024px) 100vw, 1024px\" \/><\/figure>\n\n\n\n<p>O vel\u00f3rio ocorre no Cemit\u00e9rio Parque dos Arcos, onde ser\u00e1 o sepultamento neste domingo (07), \u00e0s 15h.<\/p>\n\n\n\n<figure class=\"wp-block-image\"><img loading=\"lazy\" decoding=\"async\" width=\"1024\" height=\"1024\" src=\"http:\/\/blogdoedvaldomagalhaes.com.br\/wp-content\/uploads\/2019\/04\/FB_IMG_1554600143728-1024x1024.jpg\" alt=\"\" class=\"wp-image-40829\" srcset=\"https:\/\/blogdoedvaldomagalhaes.com.br\/wp-content\/uploads\/2019\/04\/FB_IMG_1554600143728-1024x1024.jpg 1024w, https:\/\/blogdoedvaldomagalhaes.com.br\/wp-content\/uploads\/2019\/04\/FB_IMG_1554600143728-150x150.jpg 150w, https:\/\/blogdoedvaldomagalhaes.com.br\/wp-content\/uploads\/2019\/04\/FB_IMG_1554600143728-300x300.jpg 300w, https:\/\/blogdoedvaldomagalhaes.com.br\/wp-content\/uploads\/2019\/04\/FB_IMG_1554600143728-768x768.jpg 768w, https:\/\/blogdoedvaldomagalhaes.com.br\/wp-content\/uploads\/2019\/04\/FB_IMG_1554600143728.jpg 1200w\" sizes=\"auto, (max-width: 1024px) 100vw, 1024px\" \/><\/figure>\n","protected":false},"excerpt":{"rendered":"<p>Morreu na tarde deste s\u00e1bado (06), Carlos Amaral, conhecido como professor Carl\u00e3o, aos 61 anos de idade. Ele era vice-presidente&hellip;<\/p>\n","protected":false},"author":1,"featured_media":40797,"comment_status":"closed","ping_status":"open","sticky":false,"template":"","format":"standard","meta":{"footnotes":""},"categories":[14120],"tags":[2,14883],"class_list":["post-40796","post","type-post","status-publish","format-standard","has-post-thumbnail","hentry","category-noticias","tag-blog-do-edvaldo-magalhaes","tag-morre-professor-carlao-vice-presidente-do-sismuc-regional"],"_links":{"self":[{"href":"https:\/\/blogdoedvaldomagalhaes.com.br\/index.php\/wp-json\/wp\/v2\/posts\/40796","targetHints":{"allow":["GET"]}}],"collection":[{"href":"https:\/\/blogdoedvaldomagalhaes.com.br\/index.php\/wp-json\/wp\/v2\/posts"}],"about":[{"href":"https:\/\/blogdoedvaldomagalhaes.com.br\/index.php\/wp-json\/wp\/v2\/types\/post"}],"author":[{"embeddable":true,"href":"https:\/\/blogdoedvaldomagalhaes.com.br\/index.php\/wp-json\/wp\/v2\/users\/1"}],"replies":[{"embeddable":true,"href":"https:\/\/blogdoedvaldomagalhaes.com.br\/index.php\/wp-json\/wp\/v2\/comments?post=40796"}],"version-history":[{"count":7,"href":"https:\/\/blogdoedvaldomagalhaes.com.br\/index.php\/wp-json\/wp\/v2\/posts\/40796\/revisions"}],"predecessor-version":[{"id":40830,"href":"https:\/\/blogdoedvaldomagalhaes.com.br\/index.php\/wp-json\/wp\/v2\/posts\/40796\/revisions\/40830"}],"wp:featuredmedia":[{"embeddable":true,"href":"https:\/\/blogdoedvaldomagalhaes.com.br\/index.php\/wp-json\/wp\/v2\/media\/40797"}],"wp:attachment":[{"href":"https:\/\/blogdoedvaldomagalhaes.com.br\/index.php\/wp-json\/wp\/v2\/media?parent=40796"}],"wp:term":[{"taxonomy":"category","embeddable":true,"href":"https:\/\/blogdoedvaldomagalhaes.com.br\/index.php\/wp-json\/wp\/v2\/categories?post=40796"},{"taxonomy":"post_tag","embeddable":true,"href":"https:\/\/blogdoedvaldomagalhaes.com.br\/index.php\/wp-json\/wp\/v2\/tags?post=40796"}],"curies":[{"name":"wp","href":"https:\/\/api.w.org\/{rel}","templated":true}]}}