{"id":40792,"date":"2019-04-06T12:58:53","date_gmt":"2019-04-06T15:58:53","guid":{"rendered":"http:\/\/blogdoedvaldomagalhaes.com.br\/?p=40792"},"modified":"2019-04-06T21:11:06","modified_gmt":"2019-04-07T00:11:06","slug":"homicidio-morre-no-hra-adolescente-que-foi-baleado-em-caruaru","status":"publish","type":"post","link":"https:\/\/blogdoedvaldomagalhaes.com.br\/index.php\/2019\/04\/06\/homicidio-morre-no-hra-adolescente-que-foi-baleado-em-caruaru\/","title":{"rendered":"Homic\u00eddio: Morre no HRA adolescente que foi baleado em Caruaru"},"content":{"rendered":"\n<p>O adolescente Luan Henrique Soares da Silva, de 16 anos que foi baleado nessa sexta-feira (05), no Loteamento Serran\u00f3polis, em Caruaru, morreu neste s\u00e1bado (06), no Hospital Regional do Agreste (HRA). <\/p>\n\n\n\n<p>Segundo informa\u00e7\u00f5es,  o adolescente estava acompanhado por C\u00edcero Heleno que era catador de recicl\u00e1veis e teria liga\u00e7\u00e3o com o consumo de droga, e no momento do crime estaria na frente de uma resid\u00eancia na companhia de outras duas pessoas, quando indiv\u00edduos armados se aproximaram e abriram fogo.<\/p>\n\n\n\n<p>Este foi o 4\u00b0 homicidio no m\u00eas de abril e o 50\u00b0 no ano em Caruaru.<\/p>\n\n\n\n<p>Informa\u00e7\u00f5es e Foto: Kalebe Pereira\/Caruaru 24 Horas.<\/p>\n","protected":false},"excerpt":{"rendered":"<p>O adolescente Luan Henrique Soares da Silva, de 16 anos que foi baleado nessa sexta-feira (05), no Loteamento Serran\u00f3polis, em&hellip;<\/p>\n","protected":false},"author":1,"featured_media":40793,"comment_status":"closed","ping_status":"open","sticky":false,"template":"","format":"standard","meta":{"footnotes":""},"categories":[14121],"tags":[2,14882],"class_list":["post-40792","post","type-post","status-publish","format-standard","has-post-thumbnail","hentry","category-policial","tag-blog-do-edvaldo-magalhaes","tag-homicidio-morre-no-hra-adolescente-que-foi-baleado-em-caruaru"],"_links":{"self":[{"href":"https:\/\/blogdoedvaldomagalhaes.com.br\/index.php\/wp-json\/wp\/v2\/posts\/40792","targetHints":{"allow":["GET"]}}],"collection":[{"href":"https:\/\/blogdoedvaldomagalhaes.com.br\/index.php\/wp-json\/wp\/v2\/posts"}],"about":[{"href":"https:\/\/blogdoedvaldomagalhaes.com.br\/index.php\/wp-json\/wp\/v2\/types\/post"}],"author":[{"embeddable":true,"href":"https:\/\/blogdoedvaldomagalhaes.com.br\/index.php\/wp-json\/wp\/v2\/users\/1"}],"replies":[{"embeddable":true,"href":"https:\/\/blogdoedvaldomagalhaes.com.br\/index.php\/wp-json\/wp\/v2\/comments?post=40792"}],"version-history":[{"count":3,"href":"https:\/\/blogdoedvaldomagalhaes.com.br\/index.php\/wp-json\/wp\/v2\/posts\/40792\/revisions"}],"predecessor-version":[{"id":40817,"href":"https:\/\/blogdoedvaldomagalhaes.com.br\/index.php\/wp-json\/wp\/v2\/posts\/40792\/revisions\/40817"}],"wp:featuredmedia":[{"embeddable":true,"href":"https:\/\/blogdoedvaldomagalhaes.com.br\/index.php\/wp-json\/wp\/v2\/media\/40793"}],"wp:attachment":[{"href":"https:\/\/blogdoedvaldomagalhaes.com.br\/index.php\/wp-json\/wp\/v2\/media?parent=40792"}],"wp:term":[{"taxonomy":"category","embeddable":true,"href":"https:\/\/blogdoedvaldomagalhaes.com.br\/index.php\/wp-json\/wp\/v2\/categories?post=40792"},{"taxonomy":"post_tag","embeddable":true,"href":"https:\/\/blogdoedvaldomagalhaes.com.br\/index.php\/wp-json\/wp\/v2\/tags?post=40792"}],"curies":[{"name":"wp","href":"https:\/\/api.w.org\/{rel}","templated":true}]}}