{"id":4079,"date":"2017-11-10T18:24:00","date_gmt":"2017-11-10T20:24:00","guid":{"rendered":"http:\/\/blogdoedvaldomagalhaes.com.br\/index.php\/2017\/11\/10\/central-de-caruaru-anuncia-contratacao\/"},"modified":"2019-02-09T01:52:17","modified_gmt":"2019-02-09T03:52:17","slug":"central-de-caruaru-anuncia-contratacao","status":"publish","type":"post","link":"https:\/\/blogdoedvaldomagalhaes.com.br\/index.php\/2017\/11\/10\/central-de-caruaru-anuncia-contratacao\/","title":{"rendered":"Central de Caruaru anuncia contrata\u00e7\u00e3o de atacante de 22 anos"},"content":{"rendered":"<div class=\"separator\" style=\"clear: both; text-align: center;\">\n<a href=\"https:\/\/2.bp.blogspot.com\/-uAaMfGvbWok\/WgXufvnrseI\/AAAAAAAAj44\/N4ZM5uhr0Oc6CLYH4Ypn8_8XOcr2mhblACLcBGAs\/s1600\/atacante.jpg\" imageanchor=\"1\" style=\"margin-left: 1em; margin-right: 1em;\"><img loading=\"lazy\" decoding=\"async\" border=\"0\" data-original-height=\"960\" data-original-width=\"952\" height=\"400\" src=\"http:\/\/blogdoedvaldomagalhaes.com.br\/wp-content\/uploads\/2017\/11\/atacante.jpg\" width=\"393\" \/><\/a><\/div>\n<div class=\"separator\" style=\"clear: both; text-align: justify;\">\n<\/div>\n<div style=\"background-color: white; border: 0px; margin-bottom: 1.5em; outline: 0px; padding: 0px; text-align: justify; vertical-align: baseline;\">\nA diretoria anunciou a contrata\u00e7\u00e3o do primeiro atacante para a temporada 2018,&nbsp; trata-se do atacante S\u00e1vio Dantas, 22 anos e 1,91 cm. S\u00e1vio jogou por Potiguar de Mossor\u00f3, Spartax\/PB, Mirassol\/SP, Rio Preto\/SP e Barra\/SC.&nbsp;<\/p>\n<p>S\u00e1vio Dantas \u00e9 o primeiro atacante anunciado, ele vai se juntar ao&nbsp;lateral direito Dudu Gago, o zagueiro Hismael, o volante Douglas Carioca e o meia Danillo Rom\u00e3o.<\/p><\/div>\n","protected":false},"excerpt":{"rendered":"<p>A diretoria anunciou a contrata\u00e7\u00e3o do primeiro atacante para a temporada 2018,&nbsp; trata-se do atacante S\u00e1vio Dantas, 22 anos e&hellip;<\/p>\n","protected":false},"author":1,"featured_media":0,"comment_status":"open","ping_status":"open","sticky":false,"template":"","format":"standard","meta":{"footnotes":""},"categories":[1],"tags":[2,4974,4975,4325,3,4326,4976],"class_list":["post-4079","post","type-post","status-publish","format-standard","hentry","category-sem-categoria","tag-blog-do-edvaldo-magalhaes","tag-central-de-caruaru-anuncia-contratacao-de-atacante-de-22-anos","tag-danillo-romao","tag-douglas-carioca","tag-futebol","tag-hismael","tag-savio-dantas"],"_links":{"self":[{"href":"https:\/\/blogdoedvaldomagalhaes.com.br\/index.php\/wp-json\/wp\/v2\/posts\/4079","targetHints":{"allow":["GET"]}}],"collection":[{"href":"https:\/\/blogdoedvaldomagalhaes.com.br\/index.php\/wp-json\/wp\/v2\/posts"}],"about":[{"href":"https:\/\/blogdoedvaldomagalhaes.com.br\/index.php\/wp-json\/wp\/v2\/types\/post"}],"author":[{"embeddable":true,"href":"https:\/\/blogdoedvaldomagalhaes.com.br\/index.php\/wp-json\/wp\/v2\/users\/1"}],"replies":[{"embeddable":true,"href":"https:\/\/blogdoedvaldomagalhaes.com.br\/index.php\/wp-json\/wp\/v2\/comments?post=4079"}],"version-history":[{"count":1,"href":"https:\/\/blogdoedvaldomagalhaes.com.br\/index.php\/wp-json\/wp\/v2\/posts\/4079\/revisions"}],"predecessor-version":[{"id":26038,"href":"https:\/\/blogdoedvaldomagalhaes.com.br\/index.php\/wp-json\/wp\/v2\/posts\/4079\/revisions\/26038"}],"wp:attachment":[{"href":"https:\/\/blogdoedvaldomagalhaes.com.br\/index.php\/wp-json\/wp\/v2\/media?parent=4079"}],"wp:term":[{"taxonomy":"category","embeddable":true,"href":"https:\/\/blogdoedvaldomagalhaes.com.br\/index.php\/wp-json\/wp\/v2\/categories?post=4079"},{"taxonomy":"post_tag","embeddable":true,"href":"https:\/\/blogdoedvaldomagalhaes.com.br\/index.php\/wp-json\/wp\/v2\/tags?post=4079"}],"curies":[{"name":"wp","href":"https:\/\/api.w.org\/{rel}","templated":true}]}}