{"id":40778,"date":"2019-04-06T09:14:00","date_gmt":"2019-04-06T12:14:00","guid":{"rendered":"http:\/\/blogdoedvaldomagalhaes.com.br\/?p=40778"},"modified":"2019-04-06T10:04:35","modified_gmt":"2019-04-06T13:04:35","slug":"guarda-municipal-de-caruaru-recupera-carro-que-foi-roubado-em-bezerros","status":"publish","type":"post","link":"https:\/\/blogdoedvaldomagalhaes.com.br\/index.php\/2019\/04\/06\/guarda-municipal-de-caruaru-recupera-carro-que-foi-roubado-em-bezerros\/","title":{"rendered":"Guarda Municipal de Caruaru recupera carro que foi roubado em Bezerros"},"content":{"rendered":"\n<p>O ve\u00edculo Fox de placas PGF-4943 (fotos) foi roubado por das 19h20 dessa sexta-feira (05), em Bezerros. \u00c0s 20h20 a propriet\u00e1ria do autom\u00f3vel registrou um Boletim de Ocorr\u00eancia &#8211; BO, e \u00e0s 21h30 a Guarda Municipal de Caruaru, recuperou o carro, ap\u00f3s ser acionada por um morador da rua R2, no bairro Cidade Jardim, relatando aos guardas o capotamento do ve\u00edculo na referida rua. <\/p>\n\n\n\n<p>A Guarda Municipal encontrou os pertences da v\u00edtima dentro do ve\u00edculo, sendo documentos, dinheiro, cart\u00e3o de cr\u00e9dito e tal\u00e3o de cheques, levando tudo para a Delegacia de Pol\u00edcia Civil de plant\u00e3o de Caruaru. Em seguida a guarda ligou para a propriet\u00e1ria, comunicou o aparecimento dos pertences e fez a entrega na delegacia. <\/p>\n\n\n\n<figure class=\"wp-block-image\"><img loading=\"lazy\" decoding=\"async\" width=\"1024\" height=\"768\" src=\"http:\/\/blogdoedvaldomagalhaes.com.br\/wp-content\/uploads\/2019\/04\/IMG-20190406-WA0017-1024x768.jpg\" alt=\"\" class=\"wp-image-40780\" srcset=\"https:\/\/blogdoedvaldomagalhaes.com.br\/wp-content\/uploads\/2019\/04\/IMG-20190406-WA0017-1024x768.jpg 1024w, https:\/\/blogdoedvaldomagalhaes.com.br\/wp-content\/uploads\/2019\/04\/IMG-20190406-WA0017-300x225.jpg 300w, https:\/\/blogdoedvaldomagalhaes.com.br\/wp-content\/uploads\/2019\/04\/IMG-20190406-WA0017-768x576.jpg 768w, https:\/\/blogdoedvaldomagalhaes.com.br\/wp-content\/uploads\/2019\/04\/IMG-20190406-WA0017-160x120.jpg 160w, https:\/\/blogdoedvaldomagalhaes.com.br\/wp-content\/uploads\/2019\/04\/IMG-20190406-WA0017.jpg 1032w\" sizes=\"auto, (max-width: 1024px) 100vw, 1024px\" \/><\/figure>\n","protected":false},"excerpt":{"rendered":"<p>O ve\u00edculo Fox de placas PGF-4943 (fotos) foi roubado por das 19h20 dessa sexta-feira (05), em Bezerros. \u00c0s 20h20 a&hellip;<\/p>\n","protected":false},"author":1,"featured_media":40779,"comment_status":"closed","ping_status":"open","sticky":false,"template":"","format":"standard","meta":{"footnotes":""},"categories":[14121],"tags":[2,14878],"class_list":["post-40778","post","type-post","status-publish","format-standard","has-post-thumbnail","hentry","category-policial","tag-blog-do-edvaldo-magalhaes","tag-guarda-municipal-de-caruaru-recupera-carro-que-foi-roubado-em-bezerros"],"_links":{"self":[{"href":"https:\/\/blogdoedvaldomagalhaes.com.br\/index.php\/wp-json\/wp\/v2\/posts\/40778","targetHints":{"allow":["GET"]}}],"collection":[{"href":"https:\/\/blogdoedvaldomagalhaes.com.br\/index.php\/wp-json\/wp\/v2\/posts"}],"about":[{"href":"https:\/\/blogdoedvaldomagalhaes.com.br\/index.php\/wp-json\/wp\/v2\/types\/post"}],"author":[{"embeddable":true,"href":"https:\/\/blogdoedvaldomagalhaes.com.br\/index.php\/wp-json\/wp\/v2\/users\/1"}],"replies":[{"embeddable":true,"href":"https:\/\/blogdoedvaldomagalhaes.com.br\/index.php\/wp-json\/wp\/v2\/comments?post=40778"}],"version-history":[{"count":6,"href":"https:\/\/blogdoedvaldomagalhaes.com.br\/index.php\/wp-json\/wp\/v2\/posts\/40778\/revisions"}],"predecessor-version":[{"id":40787,"href":"https:\/\/blogdoedvaldomagalhaes.com.br\/index.php\/wp-json\/wp\/v2\/posts\/40778\/revisions\/40787"}],"wp:featuredmedia":[{"embeddable":true,"href":"https:\/\/blogdoedvaldomagalhaes.com.br\/index.php\/wp-json\/wp\/v2\/media\/40779"}],"wp:attachment":[{"href":"https:\/\/blogdoedvaldomagalhaes.com.br\/index.php\/wp-json\/wp\/v2\/media?parent=40778"}],"wp:term":[{"taxonomy":"category","embeddable":true,"href":"https:\/\/blogdoedvaldomagalhaes.com.br\/index.php\/wp-json\/wp\/v2\/categories?post=40778"},{"taxonomy":"post_tag","embeddable":true,"href":"https:\/\/blogdoedvaldomagalhaes.com.br\/index.php\/wp-json\/wp\/v2\/tags?post=40778"}],"curies":[{"name":"wp","href":"https:\/\/api.w.org\/{rel}","templated":true}]}}