{"id":40775,"date":"2019-04-05T23:58:09","date_gmt":"2019-04-06T02:58:09","guid":{"rendered":"http:\/\/blogdoedvaldomagalhaes.com.br\/?p=40775"},"modified":"2019-04-05T23:58:12","modified_gmt":"2019-04-06T02:58:12","slug":"confira-a-programacao-do-sao-joao-2019-de-campina-grande-com-ivete-sangalo-na-abertura","status":"publish","type":"post","link":"https:\/\/blogdoedvaldomagalhaes.com.br\/index.php\/2019\/04\/05\/confira-a-programacao-do-sao-joao-2019-de-campina-grande-com-ivete-sangalo-na-abertura\/","title":{"rendered":"Confira a programa\u00e7\u00e3o do S\u00e3o Jo\u00e3o 2019 de Campina Grande com Ivete Sangalo na abertura"},"content":{"rendered":"\n<p>Confira a \u00edntegra da programa\u00e7\u00e3o:<\/p>\n\n\n\n<p>07\/06 \u2013 Genival Lacerda, os 3 do Nordeste, Ivete Sangalo<br>08\/06 \u2013 Avini Vini, Calcinha Preta, Flavio Jos\u00e9<br>09\/06 \u2013 Valqu\u00edria Santos, Ranieri Gomes, Geraldinho Lins<br>11\/06 \u2013 Grupo Religioso Atos 2<br>12\/06 \u2013 Alexandre Tan, Banda encantos, e Zezo<br>13\/06 \u2013 Dorgival Dantas, Amazan, Waldonys<br>14\/06- Geg\u00ea Bismark, Capil\u00e9, Leo Santana,<br>15\/06 \u2013 Coron\u00e9 Grilo, Forr\u00f3 Coco Seco, Loir\u00e3o, Xandy Avi\u00e3o<br>16\/06 \u2013 Paulo Mendes e Bonde do Brasil e Joelma<br>18\/06- Padre Nilson e Padre Ant\u00f4nio Maria<br>19\/06 \u2013 Banda Palov, Geovani Jr, Rita de C\u00e1ssia e Beto Barbosa<br>20\/06 \u2013 Tulio Milion\u00e1rio, Jonas Esticado e Mateus e kauan<br>21\/06 \u2013 Tom Oliveira, Ramon Schnayder, Dilsinho<br>22\/06 \u2013 Wawapino, Eliana, Gustavo Lima<br>23\/06 \u2013 Elba Ramalho e convidados<br>24\/06 \u2013 Gabriel Caminha, Natan Vinicius, Fabiano Guimar\u00e3es e Nando Cordel<br>25\/06 \u2013 Atos 2<br>26\/06 \u2013 Tales Lessa, Pedrinho Pega\u00e7\u00e3o e Aldair Playboy<br>27\/06 \u2013 Mexivile, C\u00e1tia Silene e Batista Lima<br>28\/06 \u2013 Gitana Pimentel, Forro da Resenha, Breno e Caio, Cesar e Kleber e Kauan<br>29\/06 \u2013 Iolane, Felipe Warlei e Alceu Valen\u00e7a<br>30\/06 \u2013 Stela Alves, JotaM Puxado, Gabriel Diniz<br>01\/07 \u2013 Camila Holanda, Celione David,<br>02\/07 \u2013 Camila Holanda, Celione David, Tony Alisson,<br>03\/07 \u2013 Karkar\u00e1, Bob Leo Mercadoria e Cavaleiros do Forr\u00f3<br>04\/07 \u2013 Luan Estilizado, Samia Maia, Marcia Felipe<br>05\/07 \u2013 Giannini Alencar, Saia Rodada, Mano Walter<br>06\/07 \u2013 Donas Da Farra, Erick Land Wesley Safad\u00e3o<br>07\/07 \u2013Maria Clara, Tony do Mont, Niedson Lua, Mar\u00edlia Mendon\u00e7a<br><\/p>\n","protected":false},"excerpt":{"rendered":"<p>Confira a \u00edntegra da programa\u00e7\u00e3o: 07\/06 \u2013 Genival Lacerda, os 3 do Nordeste, Ivete Sangalo08\/06 \u2013 Avini Vini, Calcinha Preta,&hellip;<\/p>\n","protected":false},"author":1,"featured_media":40776,"comment_status":"closed","ping_status":"open","sticky":false,"template":"","format":"standard","meta":{"footnotes":""},"categories":[14120],"tags":[2,14876],"class_list":["post-40775","post","type-post","status-publish","format-standard","has-post-thumbnail","hentry","category-noticias","tag-blog-do-edvaldo-magalhaes","tag-confira-a-programacao-do-sao-joao-2019-de-campina-grande-com-ivete-sangalo-na-abertura"],"_links":{"self":[{"href":"https:\/\/blogdoedvaldomagalhaes.com.br\/index.php\/wp-json\/wp\/v2\/posts\/40775","targetHints":{"allow":["GET"]}}],"collection":[{"href":"https:\/\/blogdoedvaldomagalhaes.com.br\/index.php\/wp-json\/wp\/v2\/posts"}],"about":[{"href":"https:\/\/blogdoedvaldomagalhaes.com.br\/index.php\/wp-json\/wp\/v2\/types\/post"}],"author":[{"embeddable":true,"href":"https:\/\/blogdoedvaldomagalhaes.com.br\/index.php\/wp-json\/wp\/v2\/users\/1"}],"replies":[{"embeddable":true,"href":"https:\/\/blogdoedvaldomagalhaes.com.br\/index.php\/wp-json\/wp\/v2\/comments?post=40775"}],"version-history":[{"count":1,"href":"https:\/\/blogdoedvaldomagalhaes.com.br\/index.php\/wp-json\/wp\/v2\/posts\/40775\/revisions"}],"predecessor-version":[{"id":40777,"href":"https:\/\/blogdoedvaldomagalhaes.com.br\/index.php\/wp-json\/wp\/v2\/posts\/40775\/revisions\/40777"}],"wp:featuredmedia":[{"embeddable":true,"href":"https:\/\/blogdoedvaldomagalhaes.com.br\/index.php\/wp-json\/wp\/v2\/media\/40776"}],"wp:attachment":[{"href":"https:\/\/blogdoedvaldomagalhaes.com.br\/index.php\/wp-json\/wp\/v2\/media?parent=40775"}],"wp:term":[{"taxonomy":"category","embeddable":true,"href":"https:\/\/blogdoedvaldomagalhaes.com.br\/index.php\/wp-json\/wp\/v2\/categories?post=40775"},{"taxonomy":"post_tag","embeddable":true,"href":"https:\/\/blogdoedvaldomagalhaes.com.br\/index.php\/wp-json\/wp\/v2\/tags?post=40775"}],"curies":[{"name":"wp","href":"https:\/\/api.w.org\/{rel}","templated":true}]}}