{"id":40771,"date":"2019-04-05T22:28:42","date_gmt":"2019-04-06T01:28:42","guid":{"rendered":"http:\/\/blogdoedvaldomagalhaes.com.br\/?p=40771"},"modified":"2019-04-05T22:30:20","modified_gmt":"2019-04-06T01:30:20","slug":"populacao-de-caruaru-recebe-11-novas-ambulancias-nesta-segunda-feira-8","status":"publish","type":"post","link":"https:\/\/blogdoedvaldomagalhaes.com.br\/index.php\/2019\/04\/05\/populacao-de-caruaru-recebe-11-novas-ambulancias-nesta-segunda-feira-8\/","title":{"rendered":"Popula\u00e7\u00e3o de Caruaru recebe 11 novas ambul\u00e2ncias nesta segunda-feira (8)"},"content":{"rendered":"\n<p>A Prefeitura de Caruaru, atrav\u00e9s da Secretaria Municipal de Sa\u00fade, entrega aos caruaruenses 11 novas ambul\u00e2ncias nesta segunda-feira (08), \u00e0s 19h, em solenidade no t\u00e9rreo do bloco A do Pal\u00e1cio Municipal Jaime Nejaym.<\/p>\n\n\n\n<p>Os novos ve\u00edculos servir\u00e3o para remo\u00e7\u00e3o dos pacientes das unidades municipais para hospitais de refer\u00eancia, que oferecem procedimentos de alta complexidade. Al\u00e9m disso, as novas ambul\u00e2ncias beneficiar\u00e3o os pacientes de ambulat\u00f3rio que necessitam de transporte especializado para realiza\u00e7\u00e3o de consultas e exames. <\/p>\n\n\n\n<p>O investimento nas ambul\u00e2ncias foi de quase R$ 2 milh\u00f5es (R$ 1.980.000,00), sendo R$ 800 mil de emenda parlamentar do Senador, Fernando Bezerra Coelho,  R$ 125 mil da pr\u00f3pria Raquel Lyra, enquanto Deputada Estadual, e o restante custeado pelo munic\u00edpio.<\/p>\n\n\n\n<p>\u201c\u00c9 importante destacar que todas as emendas foram para ambul\u00e2ncias de pequena porte, que custam em torno de R$ 80 mil. A escolhida pela prefeita Raquel Lyra foi do modelo maior, nos mesmos moldes do SAMU, onde qualquer uma delas pode ser adaptada e se tornar uma UTI. Ela custa em torno de R$ 180 mil\u201d, comentou o secret\u00e1rio executivo de Aten\u00e7\u00e3o Especializada, Breno Feitoza.<\/p>\n\n\n\n<p>\u201cAs novas ambul\u00e2ncias ajudam a salvar vidas, d\u00e1 mais dignidade ao cuidado com o mun\u00edcipe de Caruaru e tamb\u00e9m s\u00e3o um componente importante para que a rede de sa\u00fade fique completa. Al\u00e9m disso, a qualidade das ambul\u00e2ncias que estamos trazendo faz todo um diferencial para a assist\u00eancia e cuidado com o paciente\u201d, disse o secret\u00e1rio de Sa\u00fade de Caruaru, Francisco Santos.<br><\/p>\n","protected":false},"excerpt":{"rendered":"<p>A Prefeitura de Caruaru, atrav\u00e9s da Secretaria Municipal de Sa\u00fade, entrega aos caruaruenses 11 novas ambul\u00e2ncias nesta segunda-feira (08), \u00e0s&hellip;<\/p>\n","protected":false},"author":1,"featured_media":40772,"comment_status":"closed","ping_status":"open","sticky":false,"template":"","format":"standard","meta":{"footnotes":""},"categories":[14120],"tags":[2,14875],"class_list":["post-40771","post","type-post","status-publish","format-standard","has-post-thumbnail","hentry","category-noticias","tag-blog-do-edvaldo-magalhaes","tag-populacao-de-caruaru-recebe-11-novas-ambulancias-nesta-segunda-feira-8"],"_links":{"self":[{"href":"https:\/\/blogdoedvaldomagalhaes.com.br\/index.php\/wp-json\/wp\/v2\/posts\/40771","targetHints":{"allow":["GET"]}}],"collection":[{"href":"https:\/\/blogdoedvaldomagalhaes.com.br\/index.php\/wp-json\/wp\/v2\/posts"}],"about":[{"href":"https:\/\/blogdoedvaldomagalhaes.com.br\/index.php\/wp-json\/wp\/v2\/types\/post"}],"author":[{"embeddable":true,"href":"https:\/\/blogdoedvaldomagalhaes.com.br\/index.php\/wp-json\/wp\/v2\/users\/1"}],"replies":[{"embeddable":true,"href":"https:\/\/blogdoedvaldomagalhaes.com.br\/index.php\/wp-json\/wp\/v2\/comments?post=40771"}],"version-history":[{"count":2,"href":"https:\/\/blogdoedvaldomagalhaes.com.br\/index.php\/wp-json\/wp\/v2\/posts\/40771\/revisions"}],"predecessor-version":[{"id":40774,"href":"https:\/\/blogdoedvaldomagalhaes.com.br\/index.php\/wp-json\/wp\/v2\/posts\/40771\/revisions\/40774"}],"wp:featuredmedia":[{"embeddable":true,"href":"https:\/\/blogdoedvaldomagalhaes.com.br\/index.php\/wp-json\/wp\/v2\/media\/40772"}],"wp:attachment":[{"href":"https:\/\/blogdoedvaldomagalhaes.com.br\/index.php\/wp-json\/wp\/v2\/media?parent=40771"}],"wp:term":[{"taxonomy":"category","embeddable":true,"href":"https:\/\/blogdoedvaldomagalhaes.com.br\/index.php\/wp-json\/wp\/v2\/categories?post=40771"},{"taxonomy":"post_tag","embeddable":true,"href":"https:\/\/blogdoedvaldomagalhaes.com.br\/index.php\/wp-json\/wp\/v2\/tags?post=40771"}],"curies":[{"name":"wp","href":"https:\/\/api.w.org\/{rel}","templated":true}]}}