{"id":4076,"date":"2017-11-10T22:25:00","date_gmt":"2017-11-11T00:25:00","guid":{"rendered":"http:\/\/blogdoedvaldomagalhaes.com.br\/index.php\/2017\/11\/10\/riacho-das-almas-passira-cumaru-e\/"},"modified":"2019-02-09T01:52:21","modified_gmt":"2019-02-09T03:52:21","slug":"riacho-das-almas-passira-cumaru-e","status":"publish","type":"post","link":"https:\/\/blogdoedvaldomagalhaes.com.br\/index.php\/2017\/11\/10\/riacho-das-almas-passira-cumaru-e\/","title":{"rendered":"Riacho das Almas, Passira, Cumaru e Salgadinho voltam a ter \u00e1gua nas torneiras"},"content":{"rendered":"<div class=\"separator\" style=\"clear: both; text-align: center;\">\n<a href=\"https:\/\/3.bp.blogspot.com\/-BNg4rUVkpTA\/WgYnOWhnCFI\/AAAAAAAAj6M\/oM-F8xaz-ZAxaW3JkWbR6TeKPsDBY8-hgCLcBGAs\/s1600\/%25C3%25A1gua.jpeg\" imageanchor=\"1\" style=\"margin-left: 1em; margin-right: 1em;\"><img loading=\"lazy\" decoding=\"async\" border=\"0\" data-original-height=\"577\" data-original-width=\"1024\" height=\"225\" src=\"http:\/\/blogdoedvaldomagalhaes.com.br\/wp-content\/uploads\/2017\/11\/C3A1gua.jpeg\" width=\"400\" \/><\/a><\/div>\n<div class=\"MsoNormal\" style=\"background-clip: initial; background-color: white; background-image: initial; background-origin: initial; background-position: initial; background-repeat: initial; background-size: initial; line-height: normal; margin-bottom: 0.0001pt; text-align: justify;\">\n<\/div>\n<div class=\"MsoNormal\" style=\"background-clip: initial; background-color: white; background-image: initial; background-origin: initial; background-position: initial; background-repeat: initial; background-size: initial; line-height: normal; margin-bottom: 0.0001pt; text-align: justify;\">\nOs 70 mil moradores de Riacho das Almas, Passira, Cumaru e Salgadinho, na&nbsp; regi\u00e3o Agreste, voltar\u00e3o a ter \u00e1gua nas torneiras at\u00e9 o final deste ano. O retorno do abastecimento nas quatro cidades, que est\u00e3o sendo atendidas exclusivamente por meio de carros-pipa desde o colapso da Barragem de Jucazinho, consequ\u00eancia de seis anos consecutivos de seca, s\u00f3 foi poss\u00edvel gra\u00e7as \u00e0 decis\u00e3o do governador Paulo C\u00e2mara quando inaugurou a Sistema Pirangi. Na ocasi\u00e3o, ele determinou que fossem realizadas duas obras importantes que est\u00e3o sendo executadas, simultaneamente e em ritmo emergencial, com investimentos de R$ 3,4 milh\u00f5es, por meio da Compesa. O sentido original do Sistema Jucazinho est\u00e1 sendo invertido para levar \u00e1gua do Sistema Prata\/Pirangi at\u00e9 essas cidades. Antes, o caminho da \u00e1gua na adutora iniciava em Cumaru e seguia at\u00e9 a Esta\u00e7\u00e3o de Tratamento de \u00c1gua (ETA) Salgado, em Caruaru.<\/div>\n<div class=\"MsoNormal\" style=\"background-clip: initial; background-color: white; background-image: initial; background-origin: initial; background-position: initial; background-repeat: initial; background-size: initial; line-height: normal; margin-bottom: 0.0001pt; text-align: justify;\">\n<\/div>\n<div class=\"MsoNormal\" style=\"background-clip: initial; background-color: white; background-image: initial; background-origin: initial; background-position: initial; background-repeat: initial; background-size: initial; line-height: normal; margin-bottom: 0.0001pt; text-align: justify;\">\nE para que essa interven\u00e7\u00e3o tenha sucesso, a Compesa tamb\u00e9m est\u00e1 aumentando a capacidade de transporte do Sistema Prata\/Pirangi com a amplia\u00e7\u00e3o das esta\u00e7\u00f5es elevat\u00f3rias que bombeiam a \u00e1gua. Haver\u00e1 um aumento da capacidade de transporte do sistema de 750 litros, por segundo, para 950 L\/s, por meio da substitui\u00e7\u00e3o dos motores e bombas das esta\u00e7\u00f5es elevat\u00f3rias. \u201cEstamos com interven\u00e7\u00f5es nas tr\u00eas elevat\u00f3rias de \u00e1gua bruta do Sistema Prata\/Pirangi. Com a instala\u00e7\u00e3o de conjuntos motor-bomba mais potentes, atingiremos nosso objetivo\u201d, afirmou o presidente da Compesa, Roberto Tavares. Essa obra \u00e9 executada com recursos pr\u00f3prios, um investimento de R$ 2,6 milh\u00f5es.<\/div>\n<div class=\"MsoNormal\" style=\"background-clip: initial; background-color: white; background-image: initial; background-origin: initial; background-position: initial; background-repeat: initial; background-size: initial; line-height: normal; margin-bottom: 0.0001pt; text-align: justify;\">\n<\/div>\n<div class=\"MsoNormal\" style=\"background-clip: initial; background-color: white; background-image: initial; background-origin: initial; background-position: initial; background-repeat: initial; background-size: initial; line-height: normal; margin-bottom: 0.0001pt; text-align: justify;\">\nPara a obra de invers\u00e3o do fluxo da adutora de Jucazinho \u00e9 aplicado um valor adicional de R$ 800 mil. \u201cO governador Paulo C\u00e2mara nos pediu uma solu\u00e7\u00e3o para atender esses munic\u00edpios e ca\u00edmos em campo. Como Jucazinho continua em colapso e investimos na adutora do Prata\/Pirangi, vamos levar essa \u00e1gua para socorrer a popula\u00e7\u00e3o. Estamos exatamente na fase de implanta\u00e7\u00e3o de tubos para fazer a interliga\u00e7\u00e3o na adutora de Jucazinho e construindo uma nova esta\u00e7\u00e3o de bombeamento para permitir que a \u00e1gua chegue at\u00e9 o destino final\u201d, explicou Roberto Tavares. A Barragem de Jucazinho, em colapso desde setembro do ano passado, fica localizada no munic\u00edpio de Surubim. O manancial, que tem a capacidade de acumular 327 milh\u00f5es de metros c\u00fabicos de \u00e1gua, enfrenta o seu pior cen\u00e1rio, desde o in\u00edcio da opera\u00e7\u00e3o da barragem pela Compesa, no ano de 2000. Em condi\u00e7\u00f5es normais, a Barragem de Jucazinho atende 15 munic\u00edpios da regi\u00e3o Agreste, uma popula\u00e7\u00e3o de 800 mil pessoas.<\/div>\n","protected":false},"excerpt":{"rendered":"<p>Os 70 mil moradores de Riacho das Almas, Passira, Cumaru e Salgadinho, na&nbsp; regi\u00e3o Agreste, voltar\u00e3o a ter \u00e1gua nas&hellip;<\/p>\n","protected":false},"author":1,"featured_media":0,"comment_status":"open","ping_status":"open","sticky":false,"template":"","format":"standard","meta":{"footnotes":""},"categories":[1],"tags":[4967,2,4968,4969,6,4970,3678],"class_list":["post-4076","post","type-post","status-publish","format-standard","hentry","category-sem-categoria","tag-barragem-de-jucazinho","tag-blog-do-edvaldo-magalhaes","tag-cumaru-e-salgadinho-voltam-a-ter-agua-nas-torneiras","tag-eta","tag-noticias","tag-passira","tag-riacho-das-almas"],"_links":{"self":[{"href":"https:\/\/blogdoedvaldomagalhaes.com.br\/index.php\/wp-json\/wp\/v2\/posts\/4076","targetHints":{"allow":["GET"]}}],"collection":[{"href":"https:\/\/blogdoedvaldomagalhaes.com.br\/index.php\/wp-json\/wp\/v2\/posts"}],"about":[{"href":"https:\/\/blogdoedvaldomagalhaes.com.br\/index.php\/wp-json\/wp\/v2\/types\/post"}],"author":[{"embeddable":true,"href":"https:\/\/blogdoedvaldomagalhaes.com.br\/index.php\/wp-json\/wp\/v2\/users\/1"}],"replies":[{"embeddable":true,"href":"https:\/\/blogdoedvaldomagalhaes.com.br\/index.php\/wp-json\/wp\/v2\/comments?post=4076"}],"version-history":[{"count":1,"href":"https:\/\/blogdoedvaldomagalhaes.com.br\/index.php\/wp-json\/wp\/v2\/posts\/4076\/revisions"}],"predecessor-version":[{"id":26047,"href":"https:\/\/blogdoedvaldomagalhaes.com.br\/index.php\/wp-json\/wp\/v2\/posts\/4076\/revisions\/26047"}],"wp:attachment":[{"href":"https:\/\/blogdoedvaldomagalhaes.com.br\/index.php\/wp-json\/wp\/v2\/media?parent=4076"}],"wp:term":[{"taxonomy":"category","embeddable":true,"href":"https:\/\/blogdoedvaldomagalhaes.com.br\/index.php\/wp-json\/wp\/v2\/categories?post=4076"},{"taxonomy":"post_tag","embeddable":true,"href":"https:\/\/blogdoedvaldomagalhaes.com.br\/index.php\/wp-json\/wp\/v2\/tags?post=4076"}],"curies":[{"name":"wp","href":"https:\/\/api.w.org\/{rel}","templated":true}]}}