{"id":4063,"date":"2017-11-13T10:49:00","date_gmt":"2017-11-13T12:49:00","guid":{"rendered":"http:\/\/blogdoedvaldomagalhaes.com.br\/index.php\/2017\/11\/13\/rogerio-meneses-deixa-presidencia-do-p\/"},"modified":"2019-02-09T01:52:29","modified_gmt":"2019-02-09T03:52:29","slug":"rogerio-meneses-deixa-presidencia-do-p","status":"publish","type":"post","link":"https:\/\/blogdoedvaldomagalhaes.com.br\/index.php\/2017\/11\/13\/rogerio-meneses-deixa-presidencia-do-p\/","title":{"rendered":"Rog\u00e9rio Meneses deixa presid\u00eancia do PT de Caruaru"},"content":{"rendered":"<div class=\"separator\" style=\"clear: both; text-align: center;\">\n<a href=\"https:\/\/4.bp.blogspot.com\/-zxkcU19uROE\/Wgl4hloRuLI\/AAAAAAAAkC0\/LvS23cFUTwogaaoZ6WBGrLQKTpxn2D99gCLcBGAs\/s1600\/pt.jpg\" imageanchor=\"1\" style=\"margin-left: 1em; margin-right: 1em;\"><img loading=\"lazy\" decoding=\"async\" border=\"0\" data-original-height=\"441\" data-original-width=\"640\" height=\"275\" src=\"http:\/\/blogdoedvaldomagalhaes.com.br\/wp-content\/uploads\/2017\/11\/pt.jpg\" width=\"400\" \/><\/a><\/div>\n<div style=\"text-align: justify;\">\n<\/div>\n<div style=\"text-align: justify;\">\nO violeiro Rog\u00e9rio Meneses, deixou a presid\u00eancia do Partido dos Trabalhadores de Caruaru (PT). Ele alegou falta de tempo para comandar a legenda, aja vista que, est\u00e1 viajando muito pelo Nordeste e participando de muitos festivais de viola. Rog\u00e9rio continua no diret\u00f3rio, todavia, passou a presid\u00eancia para Renato Carvalho, que \u00e9 ligado ao ex-presidente do partido, Adilson Lira.<\/div>\n","protected":false},"excerpt":{"rendered":"<p>O violeiro Rog\u00e9rio Meneses, deixou a presid\u00eancia do Partido dos Trabalhadores de Caruaru (PT). Ele alegou falta de tempo para&hellip;<\/p>\n","protected":false},"author":1,"featured_media":0,"comment_status":"open","ping_status":"open","sticky":false,"template":"","format":"standard","meta":{"footnotes":""},"categories":[1],"tags":[2410,2,3114,20,4945,4946],"class_list":["post-4063","post","type-post","status-publish","format-standard","hentry","category-sem-categoria","tag-adilson-lira","tag-blog-do-edvaldo-magalhaes","tag-noticias-da-politica-de-caruaru","tag-politica","tag-renato-carvalho","tag-rogerio-meneses-deixa-presidencia-do-pt-de-caruaru"],"_links":{"self":[{"href":"https:\/\/blogdoedvaldomagalhaes.com.br\/index.php\/wp-json\/wp\/v2\/posts\/4063","targetHints":{"allow":["GET"]}}],"collection":[{"href":"https:\/\/blogdoedvaldomagalhaes.com.br\/index.php\/wp-json\/wp\/v2\/posts"}],"about":[{"href":"https:\/\/blogdoedvaldomagalhaes.com.br\/index.php\/wp-json\/wp\/v2\/types\/post"}],"author":[{"embeddable":true,"href":"https:\/\/blogdoedvaldomagalhaes.com.br\/index.php\/wp-json\/wp\/v2\/users\/1"}],"replies":[{"embeddable":true,"href":"https:\/\/blogdoedvaldomagalhaes.com.br\/index.php\/wp-json\/wp\/v2\/comments?post=4063"}],"version-history":[{"count":1,"href":"https:\/\/blogdoedvaldomagalhaes.com.br\/index.php\/wp-json\/wp\/v2\/posts\/4063\/revisions"}],"predecessor-version":[{"id":26086,"href":"https:\/\/blogdoedvaldomagalhaes.com.br\/index.php\/wp-json\/wp\/v2\/posts\/4063\/revisions\/26086"}],"wp:attachment":[{"href":"https:\/\/blogdoedvaldomagalhaes.com.br\/index.php\/wp-json\/wp\/v2\/media?parent=4063"}],"wp:term":[{"taxonomy":"category","embeddable":true,"href":"https:\/\/blogdoedvaldomagalhaes.com.br\/index.php\/wp-json\/wp\/v2\/categories?post=4063"},{"taxonomy":"post_tag","embeddable":true,"href":"https:\/\/blogdoedvaldomagalhaes.com.br\/index.php\/wp-json\/wp\/v2\/tags?post=4063"}],"curies":[{"name":"wp","href":"https:\/\/api.w.org\/{rel}","templated":true}]}}