{"id":40626,"date":"2019-04-02T12:38:49","date_gmt":"2019-04-02T15:38:49","guid":{"rendered":"http:\/\/blogdoedvaldomagalhaes.com.br\/?p=40626"},"modified":"2019-04-02T17:17:52","modified_gmt":"2019-04-02T20:17:52","slug":"declaracao-do-ir-contador-orienta-e-destaca-as-principais-novidades","status":"publish","type":"post","link":"https:\/\/blogdoedvaldomagalhaes.com.br\/index.php\/2019\/04\/02\/declaracao-do-ir-contador-orienta-e-destaca-as-principais-novidades\/","title":{"rendered":"Declara\u00e7\u00e3o do IR: contador orienta e destaca as principais novidades"},"content":{"rendered":"\n<p>No dia sete de mar\u00e7o foi iniciado o prazo para as pessoas que precisam declarar o imposto de renda e apresentar suas declara\u00e7\u00f5es \u00e0 Receita Federal. Com a chegada do m\u00eas de abril, aqueles que ainda n\u00e3o realizaram o procedimento devem redobrar a aten\u00e7\u00e3o, j\u00e1 que o prazo vai at\u00e9 o dia 30 deste m\u00eas.<\/p>\n\n\n\n<p>O economista, mestre em Desenvolvimento Local Sustent\u00e1vel e professor do curso de Ci\u00eancias Cont\u00e1beis da Faculdade UNINASSAU Caruaru, Jair Rodrigues, explica que est\u00e3o obrigados a declarar as pessoas que receberam rendimentos tribut\u00e1veis em 2018 superiores a R$ 28.559,70, o que d\u00e1 em m\u00e9dia mensal de R$ 2.379,97, ou ganharam mais de 40 mil reais em rendimentos isentos.<\/p>\n\n\n\n<p>\u2018\u2019Uma das principais novidades desse ano foi em rela\u00e7\u00e3o ao prazo para declarar, que foi reduzido em uma semana. A Receita come\u00e7ou a receber as declara\u00e7\u00f5es somente no dia 7 de mar\u00e7o e encerra o prazo a meia noite do dia 30 de abril. Outra novidade \u00e9 em rela\u00e7\u00e3o ao CPF dos dependentes que esse ano est\u00e1 sendo exigido, independentemente da idade\u2019\u2019, destaca o professor.<\/p>\n\n\n\n<p>Ainda segundo o contador, uma das funcionalidades postas \u00e0 disposi\u00e7\u00e3o pela Receita no seu site \u00e9 que, ap\u00f3s passadas 24 horas da transmiss\u00e3o da declara\u00e7\u00e3o 2019, a pessoa f\u00edsica j\u00e1 pode consultar a sua situa\u00e7\u00e3o. \u2018\u2019Essa consulta identifica se a declara\u00e7\u00e3o caiu ou n\u00e3o na malha fina, o que facilita a corre\u00e7\u00e3o atrav\u00e9s de uma retificadora e acelera o processo de restitui\u00e7\u00e3o do imposto\u2019\u2019, explica. \u201cSe voc\u00ea est\u00e1 entre as pessoas obrigadas a declarar n\u00e3o deixe para a \u00faltima hora, pois quem declara primeiro recebe a restitui\u00e7\u00e3o nos primeiros lotes. Outra dica \u00e9 que se voc\u00ea foi um dos primeiros a baixar o programa, mas n\u00e3o enviou a declara\u00e7\u00e3o ainda, a Receita j\u00e1 disponibilizou uma nova vers\u00e3o, ent\u00e3o fa\u00e7a a atualiza\u00e7\u00e3o do programa antes de transmitir a sua declara\u00e7\u00e3o. Em caso de d\u00favida, orientamos a procura por um profissional cont\u00e1bil, ele vai ajud\u00e1-lo a n\u00e3o ter problemas com o Fisco\u2019\u2019, ressalta o professor e contador.<\/p>\n\n\n\n<figure class=\"wp-block-image\"><img loading=\"lazy\" decoding=\"async\" width=\"1024\" height=\"576\" src=\"http:\/\/blogdoedvaldomagalhaes.com.br\/wp-content\/uploads\/2019\/04\/IMG-20190311-WA0087-1024x576.jpg\" alt=\"\" class=\"wp-image-40641\" srcset=\"https:\/\/blogdoedvaldomagalhaes.com.br\/wp-content\/uploads\/2019\/04\/IMG-20190311-WA0087-1024x576.jpg 1024w, https:\/\/blogdoedvaldomagalhaes.com.br\/wp-content\/uploads\/2019\/04\/IMG-20190311-WA0087-300x169.jpg 300w, https:\/\/blogdoedvaldomagalhaes.com.br\/wp-content\/uploads\/2019\/04\/IMG-20190311-WA0087-768x432.jpg 768w, https:\/\/blogdoedvaldomagalhaes.com.br\/wp-content\/uploads\/2019\/04\/IMG-20190311-WA0087-1140x641.jpg 1140w, https:\/\/blogdoedvaldomagalhaes.com.br\/wp-content\/uploads\/2019\/04\/IMG-20190311-WA0087-720x405.jpg 720w, https:\/\/blogdoedvaldomagalhaes.com.br\/wp-content\/uploads\/2019\/04\/IMG-20190311-WA0087.jpg 1280w\" sizes=\"auto, (max-width: 1024px) 100vw, 1024px\" \/><\/figure>\n\n\n\n<p>F\u00e7a a sua Declara\u00e7\u00e3o de Imposto de Renda na ORGTEC Contabilidade, na rua Dr. Jos\u00e9 Mariano, 27 &#8211; Ns. das Dores, Caruaru &#8211; PE, 55002-000. <a href=\"https:\/\/www.google.com.br\/search?rlz=1C1CHBD_pt-PTBR810BR810&amp;site=async\/lcl_akp&amp;q=org+tec+contabilidade+telefone&amp;ludocid=4376082508339136120&amp;sa=X&amp;ved=2ahUKEwiJr5D43bHhAhVHGLkGHU2AAKEQ6BMwBHoECAEQEQ\">Telefone<\/a>: (81) 3723-1876.<\/p>\n","protected":false},"excerpt":{"rendered":"<p>No dia sete de mar\u00e7o foi iniciado o prazo para as pessoas que precisam declarar o imposto de renda e&hellip;<\/p>\n","protected":false},"author":1,"featured_media":40627,"comment_status":"closed","ping_status":"open","sticky":false,"template":"","format":"standard","meta":{"footnotes":""},"categories":[14120],"tags":[2,14841],"class_list":["post-40626","post","type-post","status-publish","format-standard","has-post-thumbnail","hentry","category-noticias","tag-blog-do-edvaldo-magalhaes","tag-declaracao-do-ir-contador-orienta-e-destaca-as-principais-novidades"],"_links":{"self":[{"href":"https:\/\/blogdoedvaldomagalhaes.com.br\/index.php\/wp-json\/wp\/v2\/posts\/40626","targetHints":{"allow":["GET"]}}],"collection":[{"href":"https:\/\/blogdoedvaldomagalhaes.com.br\/index.php\/wp-json\/wp\/v2\/posts"}],"about":[{"href":"https:\/\/blogdoedvaldomagalhaes.com.br\/index.php\/wp-json\/wp\/v2\/types\/post"}],"author":[{"embeddable":true,"href":"https:\/\/blogdoedvaldomagalhaes.com.br\/index.php\/wp-json\/wp\/v2\/users\/1"}],"replies":[{"embeddable":true,"href":"https:\/\/blogdoedvaldomagalhaes.com.br\/index.php\/wp-json\/wp\/v2\/comments?post=40626"}],"version-history":[{"count":2,"href":"https:\/\/blogdoedvaldomagalhaes.com.br\/index.php\/wp-json\/wp\/v2\/posts\/40626\/revisions"}],"predecessor-version":[{"id":40643,"href":"https:\/\/blogdoedvaldomagalhaes.com.br\/index.php\/wp-json\/wp\/v2\/posts\/40626\/revisions\/40643"}],"wp:featuredmedia":[{"embeddable":true,"href":"https:\/\/blogdoedvaldomagalhaes.com.br\/index.php\/wp-json\/wp\/v2\/media\/40627"}],"wp:attachment":[{"href":"https:\/\/blogdoedvaldomagalhaes.com.br\/index.php\/wp-json\/wp\/v2\/media?parent=40626"}],"wp:term":[{"taxonomy":"category","embeddable":true,"href":"https:\/\/blogdoedvaldomagalhaes.com.br\/index.php\/wp-json\/wp\/v2\/categories?post=40626"},{"taxonomy":"post_tag","embeddable":true,"href":"https:\/\/blogdoedvaldomagalhaes.com.br\/index.php\/wp-json\/wp\/v2\/tags?post=40626"}],"curies":[{"name":"wp","href":"https:\/\/api.w.org\/{rel}","templated":true}]}}