{"id":40616,"date":"2019-04-02T09:44:48","date_gmt":"2019-04-02T12:44:48","guid":{"rendered":"http:\/\/blogdoedvaldomagalhaes.com.br\/?p=40616"},"modified":"2019-04-02T23:50:44","modified_gmt":"2019-04-03T02:50:44","slug":"jovem-e-assassinado-a-tiros-na-zona-rural-de-caruaru","status":"publish","type":"post","link":"https:\/\/blogdoedvaldomagalhaes.com.br\/index.php\/2019\/04\/02\/jovem-e-assassinado-a-tiros-na-zona-rural-de-caruaru\/","title":{"rendered":"Jovem \u00e9 assassinado a tiros na zona rural de Caruaru"},"content":{"rendered":"\n<p>O corpo de Diogo Afonso Barros da Silva, de 29 anos, que morava na rua do \u00cdndico, no bairro Santa Rosa, foi encontrado na manh\u00e3 desta ter\u00e7a-feira (02), no s\u00edtio Azevem, zona rural de Caruaru, assassinado com v\u00e1rios disparos de arma de fogo. O corpo foi encaminhado para o Instituto de Medicina Legal (IML) de Caruaru. Ele foi morto com v\u00e1rios tiros, j\u00e1 havia sofrido uma tentativa de homic\u00eddio no m\u00eas de maio de 2018.<\/p>\n\n\n\n<figure class=\"wp-block-image\"><img loading=\"lazy\" decoding=\"async\" width=\"720\" height=\"744\" src=\"http:\/\/blogdoedvaldomagalhaes.com.br\/wp-content\/uploads\/2019\/04\/IMG-20190402-WA0137.jpg\" alt=\"\" class=\"wp-image-40651\" srcset=\"https:\/\/blogdoedvaldomagalhaes.com.br\/wp-content\/uploads\/2019\/04\/IMG-20190402-WA0137.jpg 720w, https:\/\/blogdoedvaldomagalhaes.com.br\/wp-content\/uploads\/2019\/04\/IMG-20190402-WA0137-290x300.jpg 290w\" sizes=\"auto, (max-width: 720px) 100vw, 720px\" \/><figcaption>Foto da v\u00edtima: Reprodu\u00e7\u00e3o\/WhatsApp<\/figcaption><\/figure>\n\n\n\n<p>O delegado Dr. Rodolfo Bacelar, informou que a v\u00edtima foi abordada por alguns indiv\u00edduos que chegaram em um carro, a raptaram e cometeram o assassinato.<\/p>\n\n\n\n<p>Esse foi o 1\u00b0 homic\u00eddio no m\u00eas de abril e o 47\u00b0 no ano, em Caruaru.<\/p>\n\n\n\n<p>Foto: Renan da Funer\u00e1ria\/Cortesia.<\/p>\n","protected":false},"excerpt":{"rendered":"<p>O corpo de Diogo Afonso Barros da Silva, de 29 anos, que morava na rua do \u00cdndico, no bairro Santa&hellip;<\/p>\n","protected":false},"author":1,"featured_media":40619,"comment_status":"closed","ping_status":"open","sticky":false,"template":"","format":"standard","meta":{"footnotes":""},"categories":[14121],"tags":[2,375],"class_list":["post-40616","post","type-post","status-publish","format-standard","has-post-thumbnail","hentry","category-policial","tag-blog-do-edvaldo-magalhaes","tag-jovem-e-assassinado-a-tiros-na-zona-rural-de-caruaru"],"_links":{"self":[{"href":"https:\/\/blogdoedvaldomagalhaes.com.br\/index.php\/wp-json\/wp\/v2\/posts\/40616","targetHints":{"allow":["GET"]}}],"collection":[{"href":"https:\/\/blogdoedvaldomagalhaes.com.br\/index.php\/wp-json\/wp\/v2\/posts"}],"about":[{"href":"https:\/\/blogdoedvaldomagalhaes.com.br\/index.php\/wp-json\/wp\/v2\/types\/post"}],"author":[{"embeddable":true,"href":"https:\/\/blogdoedvaldomagalhaes.com.br\/index.php\/wp-json\/wp\/v2\/users\/1"}],"replies":[{"embeddable":true,"href":"https:\/\/blogdoedvaldomagalhaes.com.br\/index.php\/wp-json\/wp\/v2\/comments?post=40616"}],"version-history":[{"count":6,"href":"https:\/\/blogdoedvaldomagalhaes.com.br\/index.php\/wp-json\/wp\/v2\/posts\/40616\/revisions"}],"predecessor-version":[{"id":40652,"href":"https:\/\/blogdoedvaldomagalhaes.com.br\/index.php\/wp-json\/wp\/v2\/posts\/40616\/revisions\/40652"}],"wp:featuredmedia":[{"embeddable":true,"href":"https:\/\/blogdoedvaldomagalhaes.com.br\/index.php\/wp-json\/wp\/v2\/media\/40619"}],"wp:attachment":[{"href":"https:\/\/blogdoedvaldomagalhaes.com.br\/index.php\/wp-json\/wp\/v2\/media?parent=40616"}],"wp:term":[{"taxonomy":"category","embeddable":true,"href":"https:\/\/blogdoedvaldomagalhaes.com.br\/index.php\/wp-json\/wp\/v2\/categories?post=40616"},{"taxonomy":"post_tag","embeddable":true,"href":"https:\/\/blogdoedvaldomagalhaes.com.br\/index.php\/wp-json\/wp\/v2\/tags?post=40616"}],"curies":[{"name":"wp","href":"https:\/\/api.w.org\/{rel}","templated":true}]}}