{"id":40613,"date":"2019-04-02T08:32:53","date_gmt":"2019-04-02T11:32:53","guid":{"rendered":"http:\/\/blogdoedvaldomagalhaes.com.br\/?p=40613"},"modified":"2019-04-02T08:32:55","modified_gmt":"2019-04-02T11:32:55","slug":"criminosos-explodem-agencia-da-caixa-economica-federal-de-bezerros","status":"publish","type":"post","link":"https:\/\/blogdoedvaldomagalhaes.com.br\/index.php\/2019\/04\/02\/criminosos-explodem-agencia-da-caixa-economica-federal-de-bezerros\/","title":{"rendered":"Criminosos explodem ag\u00eancia da Caixa Econ\u00f4mica Federal de Bezerros"},"content":{"rendered":"\n<p>A Ag\u00eancia da Caixa Econ\u00f4mica Federal da cidade de Bezerros, a 32 km de Caruaru, Agreste pernambucano, foi alvo de criminosos na madrugada desta ter\u00e7a-feira (02). A a\u00e7\u00e3o criminosa aconteceu pouco depois de 1h.<\/p>\n\n\n\n<p>Os bandidos efetuaram muitos tiros pela cidade. Os moradores acordaram assustados. O pr\u00e9dio ficou destru\u00eddo com as explos\u00f5es.<\/p>\n\n\n\n<p>A quadrilha estava em tr\u00eas ve\u00edculos e explodiu pelo menos 5 caixas eletr\u00f4nicos do banco, que fica na rua Coronel Bezerra, centro da cidade. Entre 10 e 15 bandidos participaram da a\u00e7\u00e3o.<\/p>\n\n\n\n<p>Ainda n\u00e3o informa\u00e7\u00f5es sobre quantia levada pelo bando que fugiu pela PE-97 sentido Riacho das Almas. O local foi isolado para per\u00edcia.<\/p>\n\n\n\n<p>Os assaltantes se posicionaram em v\u00e1rios locais da cidade. N\u00e3o houve confronto e ningu\u00e9m saiu ferido. Equipes do 4\u00b0 Batalh\u00e3o da Pol\u00edcia Militar, BIEsp e BEPI foram enviadas para Bezerros.<\/p>\n\n\n\n<p>Por Helenivaldo Pereira\/R\u00e1dio Liberdade. <\/p>\n","protected":false},"excerpt":{"rendered":"<p>A Ag\u00eancia da Caixa Econ\u00f4mica Federal da cidade de Bezerros, a 32 km de Caruaru, Agreste pernambucano, foi alvo de&hellip;<\/p>\n","protected":false},"author":1,"featured_media":40614,"comment_status":"closed","ping_status":"open","sticky":false,"template":"","format":"standard","meta":{"footnotes":""},"categories":[14121],"tags":[],"class_list":["post-40613","post","type-post","status-publish","format-standard","has-post-thumbnail","hentry","category-policial"],"_links":{"self":[{"href":"https:\/\/blogdoedvaldomagalhaes.com.br\/index.php\/wp-json\/wp\/v2\/posts\/40613","targetHints":{"allow":["GET"]}}],"collection":[{"href":"https:\/\/blogdoedvaldomagalhaes.com.br\/index.php\/wp-json\/wp\/v2\/posts"}],"about":[{"href":"https:\/\/blogdoedvaldomagalhaes.com.br\/index.php\/wp-json\/wp\/v2\/types\/post"}],"author":[{"embeddable":true,"href":"https:\/\/blogdoedvaldomagalhaes.com.br\/index.php\/wp-json\/wp\/v2\/users\/1"}],"replies":[{"embeddable":true,"href":"https:\/\/blogdoedvaldomagalhaes.com.br\/index.php\/wp-json\/wp\/v2\/comments?post=40613"}],"version-history":[{"count":1,"href":"https:\/\/blogdoedvaldomagalhaes.com.br\/index.php\/wp-json\/wp\/v2\/posts\/40613\/revisions"}],"predecessor-version":[{"id":40615,"href":"https:\/\/blogdoedvaldomagalhaes.com.br\/index.php\/wp-json\/wp\/v2\/posts\/40613\/revisions\/40615"}],"wp:featuredmedia":[{"embeddable":true,"href":"https:\/\/blogdoedvaldomagalhaes.com.br\/index.php\/wp-json\/wp\/v2\/media\/40614"}],"wp:attachment":[{"href":"https:\/\/blogdoedvaldomagalhaes.com.br\/index.php\/wp-json\/wp\/v2\/media?parent=40613"}],"wp:term":[{"taxonomy":"category","embeddable":true,"href":"https:\/\/blogdoedvaldomagalhaes.com.br\/index.php\/wp-json\/wp\/v2\/categories?post=40613"},{"taxonomy":"post_tag","embeddable":true,"href":"https:\/\/blogdoedvaldomagalhaes.com.br\/index.php\/wp-json\/wp\/v2\/tags?post=40613"}],"curies":[{"name":"wp","href":"https:\/\/api.w.org\/{rel}","templated":true}]}}