{"id":40609,"date":"2019-04-01T22:49:50","date_gmt":"2019-04-02T01:49:50","guid":{"rendered":"http:\/\/blogdoedvaldomagalhaes.com.br\/?p=40609"},"modified":"2019-04-01T22:49:53","modified_gmt":"2019-04-02T01:49:53","slug":"oito-atletas-do-caruaru-city-iniciam-avaliacao-no-gremio-rs","status":"publish","type":"post","link":"https:\/\/blogdoedvaldomagalhaes.com.br\/index.php\/2019\/04\/01\/oito-atletas-do-caruaru-city-iniciam-avaliacao-no-gremio-rs\/","title":{"rendered":"Oito atletas do Caruaru City iniciam avalia\u00e7\u00e3o no Gr\u00eamio-RS"},"content":{"rendered":"\n<p>Oito garotos que fazem parte da escola de futebol do Caruaru City se integraram nesta segunda-feira (1) \u00e0s categorias de base do Gr\u00eamio, em Porto Alegre, onde passar\u00e3o por um processo de avalia\u00e7\u00e3o t\u00e9cnica no tricolor ga\u00facho. Inicialmente, eles ser\u00e3o observados por uma semana. <\/p>\n\n\n\n<p>Tr\u00eas garotos retornaram a convite da equipe ga\u00facha para uma segunda etapa de avalia\u00e7\u00e3o. A primeira foi realizada em novembro do ano passado. S\u00e3o eles: Arnaldo Barbosa (sub-13), Mayk Souza e Julio Pedro (sub-14). Outros cinco est\u00e3o indo pela primeira vez: Levi Ramos e Miguel Costa (sub-11), Kayck Gomes e Caio Juvino (sub-12) e Pietro Lima (sub-13). Os garotos est\u00e3o acompanhados dos pais e do coordenador t\u00e9cnico do Caruaru City, Evandro Marinho.<\/p>\n\n\n\n<figure class=\"wp-block-image\"><img loading=\"lazy\" decoding=\"async\" width=\"1024\" height=\"678\" src=\"http:\/\/blogdoedvaldomagalhaes.com.br\/wp-content\/uploads\/2019\/04\/IMG-20190401-WA0088-1024x678.jpg\" alt=\"\" class=\"wp-image-40611\" srcset=\"https:\/\/blogdoedvaldomagalhaes.com.br\/wp-content\/uploads\/2019\/04\/IMG-20190401-WA0088-1024x678.jpg 1024w, https:\/\/blogdoedvaldomagalhaes.com.br\/wp-content\/uploads\/2019\/04\/IMG-20190401-WA0088-300x199.jpg 300w, https:\/\/blogdoedvaldomagalhaes.com.br\/wp-content\/uploads\/2019\/04\/IMG-20190401-WA0088-768x509.jpg 768w, https:\/\/blogdoedvaldomagalhaes.com.br\/wp-content\/uploads\/2019\/04\/IMG-20190401-WA0088.jpg 1232w\" sizes=\"auto, (max-width: 1024px) 100vw, 1024px\" \/><\/figure>\n\n\n\n<p>O Caruaru City est\u00e1 pr\u00f3ximo de adquirir a licen\u00e7a de clube profissional. Segundo a diretoria, o objetivo \u00e9 tamb\u00e9m ampliar a parceria com o Gr\u00eamio, para ir al\u00e9m das avalia\u00e7\u00f5es t\u00e9cnicas, visando um relacionamento institucional para os pr\u00f3ximos anos, que pode incluir outros departamentos, al\u00e9m do futebol. \u201cEstamos a caminho da profissionaliza\u00e7\u00e3o e o trabalho de base certamente ser\u00e1 a marca do Caruaru City, que tem como objetivo se tornar refer\u00eancia no interior do Nordeste\u201d, explica Evandro Marinho.<\/p>\n\n\n\n<p>O Caruaru City j\u00e1 ultrapassou as fronteiras do futebol caruaruense de base. Nos \u00faltimos anos, o clube vem oferecendo condi\u00e7\u00f5es para que jovens do interior do estado possam ser aprovados em equipes do cen\u00e1rio nacional, como Atl\u00e9tico-PR, Atl\u00e9tico-MG e Corinthians.<\/p>\n\n\n\n<p>Informa\u00e7\u00f5es e Fotos: Comunica\u00e7\u00e3o Caruaru City<br><\/p>\n","protected":false},"excerpt":{"rendered":"<p>Oito garotos que fazem parte da escola de futebol do Caruaru City se integraram nesta segunda-feira (1) \u00e0s categorias de&hellip;<\/p>\n","protected":false},"author":1,"featured_media":40610,"comment_status":"closed","ping_status":"open","sticky":false,"template":"","format":"standard","meta":{"footnotes":""},"categories":[14123],"tags":[2],"class_list":["post-40609","post","type-post","status-publish","format-standard","has-post-thumbnail","hentry","category-futebol","tag-blog-do-edvaldo-magalhaes"],"_links":{"self":[{"href":"https:\/\/blogdoedvaldomagalhaes.com.br\/index.php\/wp-json\/wp\/v2\/posts\/40609","targetHints":{"allow":["GET"]}}],"collection":[{"href":"https:\/\/blogdoedvaldomagalhaes.com.br\/index.php\/wp-json\/wp\/v2\/posts"}],"about":[{"href":"https:\/\/blogdoedvaldomagalhaes.com.br\/index.php\/wp-json\/wp\/v2\/types\/post"}],"author":[{"embeddable":true,"href":"https:\/\/blogdoedvaldomagalhaes.com.br\/index.php\/wp-json\/wp\/v2\/users\/1"}],"replies":[{"embeddable":true,"href":"https:\/\/blogdoedvaldomagalhaes.com.br\/index.php\/wp-json\/wp\/v2\/comments?post=40609"}],"version-history":[{"count":1,"href":"https:\/\/blogdoedvaldomagalhaes.com.br\/index.php\/wp-json\/wp\/v2\/posts\/40609\/revisions"}],"predecessor-version":[{"id":40612,"href":"https:\/\/blogdoedvaldomagalhaes.com.br\/index.php\/wp-json\/wp\/v2\/posts\/40609\/revisions\/40612"}],"wp:featuredmedia":[{"embeddable":true,"href":"https:\/\/blogdoedvaldomagalhaes.com.br\/index.php\/wp-json\/wp\/v2\/media\/40610"}],"wp:attachment":[{"href":"https:\/\/blogdoedvaldomagalhaes.com.br\/index.php\/wp-json\/wp\/v2\/media?parent=40609"}],"wp:term":[{"taxonomy":"category","embeddable":true,"href":"https:\/\/blogdoedvaldomagalhaes.com.br\/index.php\/wp-json\/wp\/v2\/categories?post=40609"},{"taxonomy":"post_tag","embeddable":true,"href":"https:\/\/blogdoedvaldomagalhaes.com.br\/index.php\/wp-json\/wp\/v2\/tags?post=40609"}],"curies":[{"name":"wp","href":"https:\/\/api.w.org\/{rel}","templated":true}]}}