{"id":40605,"date":"2019-04-01T20:46:48","date_gmt":"2019-04-01T23:46:48","guid":{"rendered":"http:\/\/blogdoedvaldomagalhaes.com.br\/?p=40605"},"modified":"2019-04-01T20:46:49","modified_gmt":"2019-04-01T23:46:49","slug":"psdb-de-caruaru-realiza-convencao-municipal-e-diretorio-tem-novo-comando","status":"publish","type":"post","link":"https:\/\/blogdoedvaldomagalhaes.com.br\/index.php\/2019\/04\/01\/psdb-de-caruaru-realiza-convencao-municipal-e-diretorio-tem-novo-comando\/","title":{"rendered":"PSDB de Caruaru realiza conven\u00e7\u00e3o municipal e diret\u00f3rio tem novo comando"},"content":{"rendered":"\n<p>A prefeita Raquel Lyra e o ex-governador Jo\u00e3o Lyra Neto conduziram, na noite desta segunda (1\u00ba), a conven\u00e7\u00e3o partid\u00e1ria do PSDB de Caruaru. Agora, o partido ter\u00e1 como presidente e vice do diret\u00f3rio os secret\u00e1rios municipais Henrique Oliveira e Rubens J\u00fanior &#8211; respectivamente. <\/p>\n\n\n\n<figure class=\"wp-block-image\"><img loading=\"lazy\" decoding=\"async\" width=\"1024\" height=\"682\" src=\"http:\/\/blogdoedvaldomagalhaes.com.br\/wp-content\/uploads\/2019\/04\/IMG-20190401-WA0258-1024x682.jpg\" alt=\"\" class=\"wp-image-40607\" srcset=\"https:\/\/blogdoedvaldomagalhaes.com.br\/wp-content\/uploads\/2019\/04\/IMG-20190401-WA0258-1024x682.jpg 1024w, https:\/\/blogdoedvaldomagalhaes.com.br\/wp-content\/uploads\/2019\/04\/IMG-20190401-WA0258-300x200.jpg 300w, https:\/\/blogdoedvaldomagalhaes.com.br\/wp-content\/uploads\/2019\/04\/IMG-20190401-WA0258-768x512.jpg 768w, https:\/\/blogdoedvaldomagalhaes.com.br\/wp-content\/uploads\/2019\/04\/IMG-20190401-WA0258.jpg 1280w\" sizes=\"auto, (max-width: 1024px) 100vw, 1024px\" \/><\/figure>\n\n\n\n<p>Tamb\u00e9m estiveram presentes na conven\u00e7\u00e3o municipal o vice-prefeito Rodrigo Pinheiro; o presidente da C\u00e2mara Municipal, vereador Lula Torres; entre outros filiados do partido. Diogo Bezerra continua como representante do Instituto Teot\u00f4nio Vilela.<\/p>\n\n\n\n<p><\/p>\n","protected":false},"excerpt":{"rendered":"<p>A prefeita Raquel Lyra e o ex-governador Jo\u00e3o Lyra Neto conduziram, na noite desta segunda (1\u00ba), a conven\u00e7\u00e3o partid\u00e1ria do&hellip;<\/p>\n","protected":false},"author":1,"featured_media":40606,"comment_status":"closed","ping_status":"open","sticky":false,"template":"","format":"standard","meta":{"footnotes":""},"categories":[14122],"tags":[2,14838],"class_list":["post-40605","post","type-post","status-publish","format-standard","has-post-thumbnail","hentry","category-politica","tag-blog-do-edvaldo-magalhaes","tag-psdb-de-caruaru-realiza-convencao-municipal-e-diretorio-tem-novo-comando"],"_links":{"self":[{"href":"https:\/\/blogdoedvaldomagalhaes.com.br\/index.php\/wp-json\/wp\/v2\/posts\/40605","targetHints":{"allow":["GET"]}}],"collection":[{"href":"https:\/\/blogdoedvaldomagalhaes.com.br\/index.php\/wp-json\/wp\/v2\/posts"}],"about":[{"href":"https:\/\/blogdoedvaldomagalhaes.com.br\/index.php\/wp-json\/wp\/v2\/types\/post"}],"author":[{"embeddable":true,"href":"https:\/\/blogdoedvaldomagalhaes.com.br\/index.php\/wp-json\/wp\/v2\/users\/1"}],"replies":[{"embeddable":true,"href":"https:\/\/blogdoedvaldomagalhaes.com.br\/index.php\/wp-json\/wp\/v2\/comments?post=40605"}],"version-history":[{"count":1,"href":"https:\/\/blogdoedvaldomagalhaes.com.br\/index.php\/wp-json\/wp\/v2\/posts\/40605\/revisions"}],"predecessor-version":[{"id":40608,"href":"https:\/\/blogdoedvaldomagalhaes.com.br\/index.php\/wp-json\/wp\/v2\/posts\/40605\/revisions\/40608"}],"wp:featuredmedia":[{"embeddable":true,"href":"https:\/\/blogdoedvaldomagalhaes.com.br\/index.php\/wp-json\/wp\/v2\/media\/40606"}],"wp:attachment":[{"href":"https:\/\/blogdoedvaldomagalhaes.com.br\/index.php\/wp-json\/wp\/v2\/media?parent=40605"}],"wp:term":[{"taxonomy":"category","embeddable":true,"href":"https:\/\/blogdoedvaldomagalhaes.com.br\/index.php\/wp-json\/wp\/v2\/categories?post=40605"},{"taxonomy":"post_tag","embeddable":true,"href":"https:\/\/blogdoedvaldomagalhaes.com.br\/index.php\/wp-json\/wp\/v2\/tags?post=40605"}],"curies":[{"name":"wp","href":"https:\/\/api.w.org\/{rel}","templated":true}]}}