{"id":40598,"date":"2019-04-01T20:20:25","date_gmt":"2019-04-01T23:20:25","guid":{"rendered":"http:\/\/blogdoedvaldomagalhaes.com.br\/?p=40598"},"modified":"2019-04-01T20:20:26","modified_gmt":"2019-04-01T23:20:26","slug":"funase-expoe-artesanato-alusivo-a-pascoa-em-shopping-de-caruaru","status":"publish","type":"post","link":"https:\/\/blogdoedvaldomagalhaes.com.br\/index.php\/2019\/04\/01\/funase-expoe-artesanato-alusivo-a-pascoa-em-shopping-de-caruaru\/","title":{"rendered":"Funase exp\u00f5e artesanato alusivo \u00e0 P\u00e1scoa em shopping de Caruaru"},"content":{"rendered":"\n<p>Nesta segunda-feira (1\u00ba), foi iniciada uma exposi\u00e7\u00e3o de artesanato que alia o encanto da P\u00e1scoa e o apoio a uma causa social. Diariamente, das 10h \u00e0s 22h, objetos confeccionados na Casa de Semiliberdade (Casem) Caruaru estar\u00e3o dispon\u00edveis na Feira Livre Cultural, do Caruaru Shopping. Chaveiros em feltro e at\u00e9 uma adega feita com um pneu reaproveitado est\u00e3o no cat\u00e1logo, com pre\u00e7os entre R$ 2 e R$ 250. A lista ainda inclui outros produtos, como caminhas para cachorro, mesas e pufes feitos com materiais recicl\u00e1veis. Parte da renda ser\u00e1 revertida para a compra de materiais para a fabrica\u00e7\u00e3o de novas pe\u00e7as.<\/p>\n\n\n\n<figure class=\"wp-block-image\"><img loading=\"lazy\" decoding=\"async\" width=\"1024\" height=\"642\" src=\"http:\/\/blogdoedvaldomagalhaes.com.br\/wp-content\/uploads\/2019\/04\/IMG-20190401-WA0248-1024x642.jpg\" alt=\"\" class=\"wp-image-40600\" srcset=\"https:\/\/blogdoedvaldomagalhaes.com.br\/wp-content\/uploads\/2019\/04\/IMG-20190401-WA0248-1024x642.jpg 1024w, https:\/\/blogdoedvaldomagalhaes.com.br\/wp-content\/uploads\/2019\/04\/IMG-20190401-WA0248-300x188.jpg 300w, https:\/\/blogdoedvaldomagalhaes.com.br\/wp-content\/uploads\/2019\/04\/IMG-20190401-WA0248-768x481.jpg 768w, https:\/\/blogdoedvaldomagalhaes.com.br\/wp-content\/uploads\/2019\/04\/IMG-20190401-WA0248.jpg 1152w\" sizes=\"auto, (max-width: 1024px) 100vw, 1024px\" \/><\/figure>\n\n\n\n<p>Os itens s\u00e3o produzidos durante oficinas realizadas por volunt\u00e1rios com os socioeducandos da Casem Caruaru. A unidade \u00e9 administrada pela Funda\u00e7\u00e3o de Atendimento Socioeducativo (Funase), institui\u00e7\u00e3o vinculada \u00e0 Secretaria de Desenvolvimento Social, Crian\u00e7a e Juventude de Pernambuco (SDSCJ). O contato com o artesanato \u00e9 uma aposta na profissionaliza\u00e7\u00e3o e na descoberta de voca\u00e7\u00f5es, uma vez que os adolescentes atendidos, quando deixarem a Funase, poder\u00e3o aplicar os conhecimentos adquiridos em um novo of\u00edcio e transform\u00e1-los em uma fonte de renda alinhada com uma atividade econ\u00f4mica que \u00e9 um s\u00edmbolo da regi\u00e3o.<\/p>\n\n\n\n<figure class=\"wp-block-image\"><img loading=\"lazy\" decoding=\"async\" width=\"864\" height=\"826\" src=\"http:\/\/blogdoedvaldomagalhaes.com.br\/wp-content\/uploads\/2019\/04\/IMG-20190401-WA0251.jpg\" alt=\"\" class=\"wp-image-40601\" srcset=\"https:\/\/blogdoedvaldomagalhaes.com.br\/wp-content\/uploads\/2019\/04\/IMG-20190401-WA0251.jpg 864w, https:\/\/blogdoedvaldomagalhaes.com.br\/wp-content\/uploads\/2019\/04\/IMG-20190401-WA0251-300x287.jpg 300w, https:\/\/blogdoedvaldomagalhaes.com.br\/wp-content\/uploads\/2019\/04\/IMG-20190401-WA0251-768x734.jpg 768w\" sizes=\"auto, (max-width: 864px) 100vw, 864px\" \/><\/figure>\n\n\n\n<p>A exposi\u00e7\u00e3o permanecer\u00e1 em cartaz at\u00e9 o pr\u00f3ximo dia 21, por meio de uma parceria entre a Casem Caruaru e a dire\u00e7\u00e3o do centro de compras. Em dezembro, a Funase j\u00e1 havia realizado outra mostra no mesmo local, com foco em artigos natalinos. Em janeiro, teve in\u00edcio um novo formato, que prev\u00ea a abertura de um estande de artesanato da institui\u00e7\u00e3o na primeira semana de cada m\u00eas. Excepcionalmente em abril, por conta da tem\u00e1tica dos produtos do cat\u00e1logo, a exposi\u00e7\u00e3o foi estendida at\u00e9 o fim da Semana Santa.<\/p>\n\n\n\n<figure class=\"wp-block-image\"><img loading=\"lazy\" decoding=\"async\" width=\"864\" height=\"734\" src=\"http:\/\/blogdoedvaldomagalhaes.com.br\/wp-content\/uploads\/2019\/04\/IMG-20190401-WA0250-1.jpg\" alt=\"\" class=\"wp-image-40603\" srcset=\"https:\/\/blogdoedvaldomagalhaes.com.br\/wp-content\/uploads\/2019\/04\/IMG-20190401-WA0250-1.jpg 864w, https:\/\/blogdoedvaldomagalhaes.com.br\/wp-content\/uploads\/2019\/04\/IMG-20190401-WA0250-1-300x255.jpg 300w, https:\/\/blogdoedvaldomagalhaes.com.br\/wp-content\/uploads\/2019\/04\/IMG-20190401-WA0250-1-768x652.jpg 768w\" sizes=\"auto, (max-width: 864px) 100vw, 864px\" \/><figcaption>Fotos: Divulga\u00e7\u00e3o <\/figcaption><\/figure>\n\n\n\n<p>Os materiais que forem adquiridos com a renda obtida na Feira Livre Cultural do Caruaru Shopping ser\u00e3o usados em novas oficinas produtivas, desta vez, com foco na tem\u00e1tica junina e na Feira Nacional de Neg\u00f3cios do Artesanato (Fenearte), prevista para ocorrer entre 3 e 14 de julho de 2019. A Funase mant\u00e9m um estande no evento desde sua primeira edi\u00e7\u00e3o, h\u00e1 20 anos. J\u00e1 a outra parte do que for arrecadado com a venda de produtos no shopping ser\u00e1 dividida entre os adolescentes participantes das oficinas.<em>S<\/em><\/p>\n","protected":false},"excerpt":{"rendered":"<p>Nesta segunda-feira (1\u00ba), foi iniciada uma exposi\u00e7\u00e3o de artesanato que alia o encanto da P\u00e1scoa e o apoio a uma&hellip;<\/p>\n","protected":false},"author":1,"featured_media":40599,"comment_status":"closed","ping_status":"open","sticky":false,"template":"","format":"standard","meta":{"footnotes":""},"categories":[14120],"tags":[2,14837],"class_list":["post-40598","post","type-post","status-publish","format-standard","has-post-thumbnail","hentry","category-noticias","tag-blog-do-edvaldo-magalhaes","tag-funase-expoe-artesanato-alusivo-a-pascoa-em-shopping-de-caruaru"],"_links":{"self":[{"href":"https:\/\/blogdoedvaldomagalhaes.com.br\/index.php\/wp-json\/wp\/v2\/posts\/40598","targetHints":{"allow":["GET"]}}],"collection":[{"href":"https:\/\/blogdoedvaldomagalhaes.com.br\/index.php\/wp-json\/wp\/v2\/posts"}],"about":[{"href":"https:\/\/blogdoedvaldomagalhaes.com.br\/index.php\/wp-json\/wp\/v2\/types\/post"}],"author":[{"embeddable":true,"href":"https:\/\/blogdoedvaldomagalhaes.com.br\/index.php\/wp-json\/wp\/v2\/users\/1"}],"replies":[{"embeddable":true,"href":"https:\/\/blogdoedvaldomagalhaes.com.br\/index.php\/wp-json\/wp\/v2\/comments?post=40598"}],"version-history":[{"count":1,"href":"https:\/\/blogdoedvaldomagalhaes.com.br\/index.php\/wp-json\/wp\/v2\/posts\/40598\/revisions"}],"predecessor-version":[{"id":40604,"href":"https:\/\/blogdoedvaldomagalhaes.com.br\/index.php\/wp-json\/wp\/v2\/posts\/40598\/revisions\/40604"}],"wp:featuredmedia":[{"embeddable":true,"href":"https:\/\/blogdoedvaldomagalhaes.com.br\/index.php\/wp-json\/wp\/v2\/media\/40599"}],"wp:attachment":[{"href":"https:\/\/blogdoedvaldomagalhaes.com.br\/index.php\/wp-json\/wp\/v2\/media?parent=40598"}],"wp:term":[{"taxonomy":"category","embeddable":true,"href":"https:\/\/blogdoedvaldomagalhaes.com.br\/index.php\/wp-json\/wp\/v2\/categories?post=40598"},{"taxonomy":"post_tag","embeddable":true,"href":"https:\/\/blogdoedvaldomagalhaes.com.br\/index.php\/wp-json\/wp\/v2\/tags?post=40598"}],"curies":[{"name":"wp","href":"https:\/\/api.w.org\/{rel}","templated":true}]}}