{"id":40595,"date":"2019-04-01T19:42:10","date_gmt":"2019-04-01T22:42:10","guid":{"rendered":"http:\/\/blogdoedvaldomagalhaes.com.br\/?p=40595"},"modified":"2019-04-01T19:42:13","modified_gmt":"2019-04-01T22:42:13","slug":"camara-de-caruaru-define-contratacao-de-consultoria-contabil-2019","status":"publish","type":"post","link":"https:\/\/blogdoedvaldomagalhaes.com.br\/index.php\/2019\/04\/01\/camara-de-caruaru-define-contratacao-de-consultoria-contabil-2019\/","title":{"rendered":"C\u00e2mara de Caruaru define contrata\u00e7\u00e3o de consultoria Cont\u00e1bil 2019"},"content":{"rendered":"\n<p>A Contrata\u00e7\u00e3o de empresa de consultoria cont\u00e1bil foi licitada, nesta segunda-feira (01), na C\u00e2mara Municipal de Caruaru (CMC) e transmitida ao vivo pela p\u00e1gina da Casa no Facebook. A modalidade de licita\u00e7\u00e3o executada foi a de Tomada de pre\u00e7o \u2013 aquela em que participam as empresas previamente cadastradas, at\u00e9 tr\u00eas dias antes do evento, para an\u00e1lise pr\u00e9via da situa\u00e7\u00e3o financeira e jur\u00eddica dessas firmas interessadas.<\/p>\n\n\n\n<p>Para efici\u00eancia na gest\u00e3o dos gastos p\u00fablicos \u00e9 importante o conhecimento t\u00e9cnico especializado na \u00e1rea de contabilidade, para que se possa melhor orientar o gestor nas suas decis\u00f5es financeiras, bem como manter a organiza\u00e7\u00e3o das contas e documentos, conforme o estipulado pelos \u00f3rg\u00e3os de fiscaliza\u00e7\u00e3o.<\/p>\n\n\n\n<p>A C\u00e2mara estimou, com base em pesquisa de mercado, o valor de at\u00e9 R$7.933,00 mensais para pagamento do servi\u00e7o de consultoria cont\u00e1bil. Por\u00e9m, a proposta apresentada pela empresa vencedora, foi de um valor abaixo do total previsto: R$7 mil, o que dever\u00e1 resultar numa economia de R$11.196,00, durante um ano para os cofres p\u00fablicos. <\/p>\n\n\n\n<p>Com o vencimento do antigo contrato, o Poder Legislativo de Caruaru precisou abrir um novo processo licitat\u00f3rio para contra\u00e7\u00e3o durante o ano de 2019. Para isso, divulgou a abertura da licita\u00e7\u00e3o em di\u00e1rio oficial do munic\u00edpio e ve\u00edculos de grande circula\u00e7\u00e3o e apenas uma empresa demonstrou interesse, comparecendo ao ato. O interessado cumpriu com todos os requisitos legais exigidos pelo certame e o processo p\u00f4de ser efetivado.<\/p>\n\n\n\n<p>O presidente da Comiss\u00e3o de licita\u00e7\u00e3o da CMC, o servidor Vicente Sabino, conta sobre o cuidado que a administra\u00e7\u00e3o da casa tem para que todo o processo ocorra de forma efetiva e explicou sobre os preju\u00edzos para sociedade quando n\u00e3o comparece nenhuma empresa para reivindicar sua participa\u00e7\u00e3o na competi\u00e7\u00e3o, que \u00e9 quando ocorre a licita\u00e7\u00e3o deserta. \u201cQuando isso ocorre n\u00e3o \u00e9 bom para a administra\u00e7\u00e3o, pois \u00e9 gerado o custo de ter que se refazer todo o processo, inclusive o de divulga\u00e7\u00e3o novamente\u201d, relata Vicente.<\/p>\n\n\n\n<p>A consultora em licita\u00e7\u00f5es e contratos, Goreti Gomes, destaca a import\u00e2ncia da transpar\u00eancia, principalmente quando se trata de contrata\u00e7\u00e3o com o poder p\u00fablico, exaltando a postura da C\u00e2mara em transmitir ao vivo todas essas sess\u00f5es, o que perpassa o compromisso da gest\u00e3o do atual presidente da Casa, o vereador Lula T\u00f4rres, firmado desde o in\u00edcio de sua administra\u00e7\u00e3o. <\/p>\n\n\n\n<p>\u201cA licita\u00e7\u00e3o \u00e9 a abertura, um convite para que todos participem. A transpar\u00eancia \u00e9 justamente para que todos vejam que n\u00e3o existe interesse em A, B ou C. Ent\u00e3o, a gente pede que os interessados compare\u00e7am e tirem d\u00favidas e os internautas tamb\u00e9m podem encaminhar suas d\u00favidas, e a gente est\u00e1 aqui para isso: trabalhar para transpar\u00eancia e o ganho \u00e9 para toda a sociedade\u201d, conclui Goreti.<\/p>\n\n\n\n<p>Informa\u00e7\u00f5es: N\u00facleo de Comunica\u00e7\u00e3o Social\/Poder Legislativo de Caruaru<\/p>\n\n\n\n<p>Foto: Vladimir Barreto.<\/p>\n","protected":false},"excerpt":{"rendered":"<p>A Contrata\u00e7\u00e3o de empresa de consultoria cont\u00e1bil foi licitada, nesta segunda-feira (01), na C\u00e2mara Municipal de Caruaru (CMC) e transmitida&hellip;<\/p>\n","protected":false},"author":1,"featured_media":40596,"comment_status":"closed","ping_status":"open","sticky":false,"template":"","format":"standard","meta":{"footnotes":""},"categories":[14122],"tags":[2,14836],"class_list":["post-40595","post","type-post","status-publish","format-standard","has-post-thumbnail","hentry","category-politica","tag-blog-do-edvaldo-magalhaes","tag-camara-de-caruaru-define-contratacao-de-consultoria-contabil-2019"],"_links":{"self":[{"href":"https:\/\/blogdoedvaldomagalhaes.com.br\/index.php\/wp-json\/wp\/v2\/posts\/40595","targetHints":{"allow":["GET"]}}],"collection":[{"href":"https:\/\/blogdoedvaldomagalhaes.com.br\/index.php\/wp-json\/wp\/v2\/posts"}],"about":[{"href":"https:\/\/blogdoedvaldomagalhaes.com.br\/index.php\/wp-json\/wp\/v2\/types\/post"}],"author":[{"embeddable":true,"href":"https:\/\/blogdoedvaldomagalhaes.com.br\/index.php\/wp-json\/wp\/v2\/users\/1"}],"replies":[{"embeddable":true,"href":"https:\/\/blogdoedvaldomagalhaes.com.br\/index.php\/wp-json\/wp\/v2\/comments?post=40595"}],"version-history":[{"count":1,"href":"https:\/\/blogdoedvaldomagalhaes.com.br\/index.php\/wp-json\/wp\/v2\/posts\/40595\/revisions"}],"predecessor-version":[{"id":40597,"href":"https:\/\/blogdoedvaldomagalhaes.com.br\/index.php\/wp-json\/wp\/v2\/posts\/40595\/revisions\/40597"}],"wp:featuredmedia":[{"embeddable":true,"href":"https:\/\/blogdoedvaldomagalhaes.com.br\/index.php\/wp-json\/wp\/v2\/media\/40596"}],"wp:attachment":[{"href":"https:\/\/blogdoedvaldomagalhaes.com.br\/index.php\/wp-json\/wp\/v2\/media?parent=40595"}],"wp:term":[{"taxonomy":"category","embeddable":true,"href":"https:\/\/blogdoedvaldomagalhaes.com.br\/index.php\/wp-json\/wp\/v2\/categories?post=40595"},{"taxonomy":"post_tag","embeddable":true,"href":"https:\/\/blogdoedvaldomagalhaes.com.br\/index.php\/wp-json\/wp\/v2\/tags?post=40595"}],"curies":[{"name":"wp","href":"https:\/\/api.w.org\/{rel}","templated":true}]}}