{"id":4044,"date":"2017-11-14T17:31:00","date_gmt":"2017-11-14T19:31:00","guid":{"rendered":"http:\/\/blogdoedvaldomagalhaes.com.br\/index.php\/2017\/11\/14\/iv-festival-de-cinema-de-caruaru-te\/"},"modified":"2019-02-09T01:52:39","modified_gmt":"2019-02-09T03:52:39","slug":"iv-festival-de-cinema-de-caruaru-te","status":"publish","type":"post","link":"https:\/\/blogdoedvaldomagalhaes.com.br\/index.php\/2017\/11\/14\/iv-festival-de-cinema-de-caruaru-te\/","title":{"rendered":"IV Festival de Cinema de Caruaru tem in\u00edcio nesta quarta-feira (15)"},"content":{"rendered":"<div style=\"background-color: white;\">\n<div class=\"separator\" style=\"clear: both; text-align: center;\">\n<a href=\"https:\/\/4.bp.blogspot.com\/-yrbTpz_wQI4\/WgsofwSPpLI\/AAAAAAAAkME\/bYMQBUziAzQPEdKZHsQ4LeoxifxIp5FKACLcBGAs\/s1600\/cinema.jpg\" imageanchor=\"1\" style=\"margin-left: 1em; margin-right: 1em;\"><img loading=\"lazy\" decoding=\"async\" border=\"0\" data-original-height=\"440\" data-original-width=\"720\" height=\"243\" src=\"http:\/\/blogdoedvaldomagalhaes.com.br\/wp-content\/uploads\/2017\/11\/cinema.jpg\" width=\"400\" \/><\/a><\/div>\n<div style=\"text-align: justify;\">\n<\/div>\n<div style=\"text-align: justify;\">\nTer\u00e1 in\u00edcio, nesta quarta-feira (15), a exibi\u00e7\u00e3o das mostras de filmes do Festival de Cinema de Caruaru. A programa\u00e7\u00e3o seguir\u00e1 at\u00e9 o dia 24 de novembro e contar\u00e1, ainda, com debates de realizadores, pocket show, espet\u00e1culo de dan\u00e7a e lan\u00e7amento de livro.<\/div>\n<p><\/p>\n<div style=\"text-align: justify;\">\n<\/div>\n<\/div>\n<div style=\"background-color: white;\">\n<div style=\"text-align: justify;\">\nEm sua quarta edi\u00e7\u00e3o, o evento homenageia a educadora audiovisual Yanara Galv\u00e3o, que \u00e9 mestranda em Cinemas e Narrativas Sociais na Universidade Federal de Sergipe (UFS). A pesquisadora ministra oficinas, minicursos e palestras no \u00e2mbito de cinema e educa\u00e7\u00e3o e \u00e9 idealizadora do projeto Cine Alto do Moura.<\/div>\n<p><\/p>\n<div style=\"text-align: justify;\">\n<\/div>\n<\/div>\n<div style=\"background-color: white;\">\n<div style=\"text-align: justify;\">\nDurante a programa\u00e7\u00e3o, ser\u00e3o realizadas cinco mostras: Universit\u00e1ria, Agreste, Iberoamericana, Brasil Curta Metragem e Brasil Longa Metragem. Al\u00e9m disso, haver\u00e1 o lan\u00e7amento do livro Hist\u00f3ria do Cinema de Anima\u00e7\u00e3o de Pernambuco, de Marcos Buccini, e um pocket show de Onildo Almeida e Junior Barreto.<\/div>\n<p><\/p>\n<div style=\"text-align: justify;\">\n<\/div>\n<\/div>\n<div style=\"background-color: white;\">\n<div style=\"text-align: justify;\">\nNo dia do encerramento, ser\u00e3o realizadas apresenta\u00e7\u00f5es das oficinas oferecidas pelo festival: &#8216;O Ator no Cinema&#8217;, &#8216;Introdu\u00e7\u00e3o \u00e0 Cr\u00edtica Cinematogr\u00e1fica&#8217; e &#8216;O Sert\u00e3o no Cinema: Est\u00e9tica e Representa\u00e7\u00e3o&#8217;, a premia\u00e7\u00e3o dos filmes e o espet\u00e1culo de dan\u00e7a Bye Bye Brasil.<\/div>\n<p><\/p>\n<div style=\"text-align: justify;\">\n<\/div>\n<\/div>\n<div style=\"background-color: white;\">\n<div style=\"text-align: justify;\">\nO ingresso \u00e9 gratuito e toda a programa\u00e7\u00e3o ser\u00e1 realizada no Teatro Jo\u00e3o Lyra Filho, localizado na&nbsp;<a href=\"https:\/\/maps.google.com\/?q=Rua+Visconde+de+Inha%C3%BAma,+N%C2%BA+999&amp;entry=gmail&amp;source=g\" style=\"font-family: Arial, Helvetica, sans-serif; font-size: x-large;\">Rua Visconde de Inha\u00fama, N\u00ba 999<\/a>, no bairro Maur\u00edcio de Nassau.<\/div>\n<p><\/p>\n<div style=\"text-align: justify;\">\n<\/div>\n<\/div>\n<div style=\"background-color: white; text-align: justify;\">\n<b>Confira a programa\u00e7\u00e3o completa:<\/b><\/div>\n<div style=\"background-color: white; text-align: justify;\">\n<b>Quarta-feira (15\/11)<\/b><\/div>\n<div style=\"background-color: white; text-align: justify;\">\n19h \u2013 Abertura (Sess\u00e3o especial do filme A Teima)<\/div>\n<div style=\"background-color: white; text-align: justify;\">\n19h30 \u2013 Mostra Competitiva Universit\u00e1ria<\/div>\n<div style=\"background-color: white; text-align: justify;\">\n20h \u2013 Mostra Competitiva Agreste<\/div>\n<div style=\"background-color: white;\">\n<div style=\"text-align: justify;\">\n21h \u2013 Mostra Competitiva Iberoamericana<\/div>\n<p><\/p>\n<div style=\"text-align: justify;\">\n<\/div>\n<\/div>\n<div style=\"background-color: white; text-align: justify;\">\n<b>Quinta-feira (16\/11)<\/b><\/div>\n<div style=\"background-color: white; text-align: justify;\">\n19h \u2013 Mostra Competitiva Universit\u00e1ria<\/div>\n<div style=\"background-color: white; text-align: justify;\">\n20h \u2013 Mostra Competitiva Agreste<\/div>\n<div style=\"background-color: white;\">\n<div style=\"text-align: justify;\">\n21h \u2013 Mostra Competitiva Iberoamericana<\/div>\n<p><\/p>\n<div style=\"text-align: justify;\">\n<\/div>\n<\/div>\n<div style=\"background-color: white; text-align: justify;\">\n<b>Sexta-feira (17\/11)<\/b><\/div>\n<div style=\"background-color: white; text-align: justify;\">\n19h \u2013 Mostra Competitiva Universit\u00e1ria<\/div>\n<div style=\"background-color: white; text-align: justify;\">\n20h \u2013 Mostra Competitiva Agreste<\/div>\n<div style=\"background-color: white; text-align: justify;\">\n21h \u2013 Mostra Competitiva Iberoamericana<\/div>\n<div style=\"background-color: white;\">\n<div style=\"text-align: justify;\">\n21h40 \u2013 Sess\u00e3o especial do filme Tudo que Eu Amo Morre<\/div>\n<p><\/p>\n<div style=\"text-align: justify;\">\n<\/div>\n<\/div>\n<div style=\"background-color: white; text-align: justify;\">\n<b>S\u00e1bado (18\/11)<\/b><\/div>\n<div style=\"background-color: white; text-align: justify;\">\n14h \u2013 Debate com realizadores das mostras Universit\u00e1ria e Agreste<\/div>\n<div style=\"background-color: white; text-align: justify;\">\n16h \u2013 Debate: O Cinema do Interior Pernambucano<\/div>\n<div style=\"background-color: white; text-align: justify;\">\n19h \u2013 Mostra Competitiva Brasil de Curta Metragem<\/div>\n<div style=\"background-color: white; text-align: justify;\">\n20h \u2013 Homenagem a Yanara Galv\u00e3o<\/div>\n<div style=\"background-color: white;\">\n<div style=\"text-align: justify;\">\n20h10 \u2013 Mostra Competitiva Brasil de Longa Metragem<\/div>\n<p><\/p>\n<div style=\"text-align: justify;\">\n<\/div>\n<\/div>\n<div style=\"background-color: white; text-align: justify;\">\n<b>Domingo (19\/11)<\/b><\/div>\n<div style=\"background-color: white; text-align: justify;\">\n19h10 \u2013 Mostra Competitiva Brasil de Longa Metragem<\/div>\n<div style=\"background-color: white;\">\n<div style=\"text-align: justify;\">\n20h30 \u2013 Pocket show com Onildo Almeida e Junior Barreto<\/div>\n<p><\/p>\n<div style=\"text-align: justify;\">\n<\/div>\n<\/div>\n<div style=\"background-color: white; text-align: justify;\">\n<b>Segunda-feira (20\/11)<\/b><\/div>\n<div style=\"background-color: white; text-align: justify;\">\n19h \u2013 Mostra Competitiva Brasil de Curta Metragem<\/div>\n<div style=\"background-color: white;\">\n<div style=\"text-align: justify;\">\n20h \u2013 Mostra Competitiva Brasil de Longa Metragem<\/div>\n<p><\/p>\n<div style=\"text-align: justify;\">\n<\/div>\n<\/div>\n<div style=\"background-color: white; text-align: justify;\">\n<b>Ter\u00e7a-feira (21\/11)<\/b><\/div>\n<div style=\"background-color: white; text-align: justify;\">\n19h \u2013 Mostra Competitiva Brasil de Curta Metragem<\/div>\n<div style=\"background-color: white; text-align: justify;\">\n20h \u2013 Lan\u00e7amento do livro Hist\u00f3ria do Cinema de Anima\u00e7\u00e3o de Pernambuco, de Marcos Buccini<\/div>\n<div style=\"background-color: white; text-align: justify;\">\n20h10 \u2013 Mostra Competitiva Brasil de Longa Metragem<\/div>\n<div style=\"background-color: white; text-align: justify;\">\n<\/div>\n<div style=\"background-color: white; text-align: justify;\">\n<b>Quarta-feira (22\/11)<\/b><\/div>\n<div style=\"background-color: white; text-align: justify;\">\n19h \u2013 Mostra Competitiva Brasil de Curta Metragem<\/div>\n<div style=\"background-color: white;\">\n<div style=\"text-align: justify;\">\n20h \u2013 Mostra Competitiva Brasil de Longa Metragem<\/div>\n<p><\/p>\n<div style=\"text-align: justify;\">\n<\/div>\n<\/div>\n<div style=\"background-color: white; text-align: justify;\">\n<b>Quinta-feira (23\/11)<\/b><\/div>\n<div style=\"background-color: white; text-align: justify;\">\n19h \u2013 Mostra Competitiva Brasil de Curta Metragem<\/div>\n<div style=\"background-color: white;\">\n<div style=\"text-align: justify;\">\n20h \u2013 Mostra Competitiva Brasil de Longa Metragem<\/div>\n<p><\/p>\n<div style=\"text-align: justify;\">\n<\/div>\n<\/div>\n<div style=\"background-color: white; text-align: justify;\">\n<b>Sexta-feira (24\/11)<\/b><\/div>\n<div style=\"background-color: white; text-align: justify;\">\n14h \u2013 Debate com realizadores das mostras Brasil de Curta Metragem e de Longa Metragem<\/div>\n<div style=\"background-color: white; text-align: justify;\">\n19h \u2013 Mostra Especial dos filmes Terminal 3 e A Mo\u00e7a e o Rapaz Valente<\/div>\n<div style=\"background-color: white; text-align: justify;\">\n20h \u2013 Dan\u00e7a: Bye Bye Brasil, com Bruna Moraes<\/div>\n<div style=\"background-color: white; text-align: justify;\">\n20h10 \u2013 Apresenta\u00e7\u00e3o das oficinas<\/div>\n<div style=\"background-color: white; text-align: justify;\">\n21h \u2013 Premia\u00e7\u00e3o<\/div>\n<div style=\"background-color: white; text-align: justify;\">\n22h &#8211; Confraterniza\u00e7\u00e3o<\/div>\n","protected":false},"excerpt":{"rendered":"<p>Ter\u00e1 in\u00edcio, nesta quarta-feira (15), a exibi\u00e7\u00e3o das mostras de filmes do Festival de Cinema de Caruaru. A programa\u00e7\u00e3o seguir\u00e1&hellip;<\/p>\n","protected":false},"author":1,"featured_media":0,"comment_status":"open","ping_status":"open","sticky":false,"template":"","format":"standard","meta":{"footnotes":""},"categories":[1],"tags":[2,4921,6,2107],"class_list":["post-4044","post","type-post","status-publish","format-standard","hentry","category-sem-categoria","tag-blog-do-edvaldo-magalhaes","tag-iv-festival-de-cinema-de-caruaru-tem-inicio-nesta-quarta-feira-15","tag-noticias","tag-ultimas-noticias-de-caruaru"],"_links":{"self":[{"href":"https:\/\/blogdoedvaldomagalhaes.com.br\/index.php\/wp-json\/wp\/v2\/posts\/4044","targetHints":{"allow":["GET"]}}],"collection":[{"href":"https:\/\/blogdoedvaldomagalhaes.com.br\/index.php\/wp-json\/wp\/v2\/posts"}],"about":[{"href":"https:\/\/blogdoedvaldomagalhaes.com.br\/index.php\/wp-json\/wp\/v2\/types\/post"}],"author":[{"embeddable":true,"href":"https:\/\/blogdoedvaldomagalhaes.com.br\/index.php\/wp-json\/wp\/v2\/users\/1"}],"replies":[{"embeddable":true,"href":"https:\/\/blogdoedvaldomagalhaes.com.br\/index.php\/wp-json\/wp\/v2\/comments?post=4044"}],"version-history":[{"count":1,"href":"https:\/\/blogdoedvaldomagalhaes.com.br\/index.php\/wp-json\/wp\/v2\/posts\/4044\/revisions"}],"predecessor-version":[{"id":26139,"href":"https:\/\/blogdoedvaldomagalhaes.com.br\/index.php\/wp-json\/wp\/v2\/posts\/4044\/revisions\/26139"}],"wp:attachment":[{"href":"https:\/\/blogdoedvaldomagalhaes.com.br\/index.php\/wp-json\/wp\/v2\/media?parent=4044"}],"wp:term":[{"taxonomy":"category","embeddable":true,"href":"https:\/\/blogdoedvaldomagalhaes.com.br\/index.php\/wp-json\/wp\/v2\/categories?post=4044"},{"taxonomy":"post_tag","embeddable":true,"href":"https:\/\/blogdoedvaldomagalhaes.com.br\/index.php\/wp-json\/wp\/v2\/tags?post=4044"}],"curies":[{"name":"wp","href":"https:\/\/api.w.org\/{rel}","templated":true}]}}