{"id":4026,"date":"2017-11-15T23:14:00","date_gmt":"2017-11-16T01:14:00","guid":{"rendered":"http:\/\/blogdoedvaldomagalhaes.com.br\/index.php\/2017\/11\/15\/central-de-caruaru-anuncia-volante-como\/"},"modified":"2019-02-09T01:52:52","modified_gmt":"2019-02-09T03:52:52","slug":"central-de-caruaru-anuncia-volante-como","status":"publish","type":"post","link":"https:\/\/blogdoedvaldomagalhaes.com.br\/index.php\/2017\/11\/15\/central-de-caruaru-anuncia-volante-como\/","title":{"rendered":"Central de Caruaru anuncia volante como oitava contrata\u00e7\u00e3o para 2018"},"content":{"rendered":"<div class=\"separator\" style=\"clear: both; text-align: center;\">\n<a href=\"https:\/\/1.bp.blogspot.com\/-iPVQIjD6Rz4\/WgzKBxdUgWI\/AAAAAAAAkVk\/Ts6YgB9LVEEcGw4xQ2T0XUebeBxAHV3pACLcBGAs\/s1600\/central.jpg\" imageanchor=\"1\" style=\"margin-left: 1em; margin-right: 1em;\"><img loading=\"lazy\" decoding=\"async\" border=\"0\" data-original-height=\"960\" data-original-width=\"768\" height=\"400\" src=\"http:\/\/blogdoedvaldomagalhaes.com.br\/wp-content\/uploads\/2017\/11\/central-2.jpg\" width=\"318\" \/><\/a><\/div>\n<div style=\"background-color: white; margin-bottom: 6px; text-align: justify;\">\n<\/div>\n<div style=\"background-color: white; margin-bottom: 6px; text-align: justify;\">\nO Central Sport Club anunciou sua oitava contrata\u00e7\u00e3o para a temporada 2018.&nbsp;Trata-se do volante Graciano J\u00fanior Gon\u00e7alves, o Graxa, de 24 anos e natural de Contagem\/MG.<\/div>\n<div style=\"background-color: white; margin-bottom: 6px; margin-top: 6px; text-align: justify;\">\n<\/div>\n<div style=\"background-color: white; margin-bottom: 6px; margin-top: 6px; text-align: justify;\">\nGraxa passou por S\u00e3o Jos\u00e9\/SP, N\u00e1utico, Bragantino, Uni\u00e3o Barbarense, Crac\/GO, UD Marbella\/Espanha, Mamor\u00e9\/MG e Rio Branco\/AC.<\/div>\n<div class=\"text_exposed_show\" style=\"background-color: white; display: inline;\">\n<div style=\"margin-bottom: 6px; text-align: justify;\">\nCom a oficializa\u00e7\u00e3o de Graxa, oito atletas j\u00e1 foram contratados visando 2018, s\u00e3o eles:&nbsp;<\/div>\n<div style=\"margin-bottom: 6px; margin-top: 6px;\">\n<\/div>\n<div style=\"text-align: justify;\">\n&#8211; Dudu Gago (Lateral direito)<\/div>\n<div style=\"text-align: justify;\">\n&#8211; Hismael e William Paulista (Zagueiros)<\/div>\n<div style=\"text-align: justify;\">\n&#8211; Graxa e Douglas Carioca (Volantes)<\/div>\n<div style=\"text-align: justify;\">\n&#8211; Danillo Rom\u00e3o (Meia)<\/div>\n<div style=\"text-align: justify;\">\n&#8211; S\u00e1vio Dantas e Lucas Silva (Atacantes)<\/div>\n<\/div>\n","protected":false},"excerpt":{"rendered":"<p>O Central Sport Club anunciou sua oitava contrata\u00e7\u00e3o para a temporada 2018.&nbsp;Trata-se do volante Graciano J\u00fanior Gon\u00e7alves, o Graxa, de&hellip;<\/p>\n","protected":false},"author":1,"featured_media":0,"comment_status":"open","ping_status":"open","sticky":false,"template":"","format":"standard","meta":{"footnotes":""},"categories":[1],"tags":[2,4892,3,4893,3827,1950],"class_list":["post-4026","post","type-post","status-publish","format-standard","hentry","category-sem-categoria","tag-blog-do-edvaldo-magalhaes","tag-central-de-caruaru-anuncia-volante-como-oitava-contratacao-para-2018","tag-futebol","tag-graciano-junior-goncalves","tag-graxa","tag-noticias-de-caruaru"],"_links":{"self":[{"href":"https:\/\/blogdoedvaldomagalhaes.com.br\/index.php\/wp-json\/wp\/v2\/posts\/4026","targetHints":{"allow":["GET"]}}],"collection":[{"href":"https:\/\/blogdoedvaldomagalhaes.com.br\/index.php\/wp-json\/wp\/v2\/posts"}],"about":[{"href":"https:\/\/blogdoedvaldomagalhaes.com.br\/index.php\/wp-json\/wp\/v2\/types\/post"}],"author":[{"embeddable":true,"href":"https:\/\/blogdoedvaldomagalhaes.com.br\/index.php\/wp-json\/wp\/v2\/users\/1"}],"replies":[{"embeddable":true,"href":"https:\/\/blogdoedvaldomagalhaes.com.br\/index.php\/wp-json\/wp\/v2\/comments?post=4026"}],"version-history":[{"count":1,"href":"https:\/\/blogdoedvaldomagalhaes.com.br\/index.php\/wp-json\/wp\/v2\/posts\/4026\/revisions"}],"predecessor-version":[{"id":26199,"href":"https:\/\/blogdoedvaldomagalhaes.com.br\/index.php\/wp-json\/wp\/v2\/posts\/4026\/revisions\/26199"}],"wp:attachment":[{"href":"https:\/\/blogdoedvaldomagalhaes.com.br\/index.php\/wp-json\/wp\/v2\/media?parent=4026"}],"wp:term":[{"taxonomy":"category","embeddable":true,"href":"https:\/\/blogdoedvaldomagalhaes.com.br\/index.php\/wp-json\/wp\/v2\/categories?post=4026"},{"taxonomy":"post_tag","embeddable":true,"href":"https:\/\/blogdoedvaldomagalhaes.com.br\/index.php\/wp-json\/wp\/v2\/tags?post=4026"}],"curies":[{"name":"wp","href":"https:\/\/api.w.org\/{rel}","templated":true}]}}