{"id":4025,"date":"2017-11-15T23:53:00","date_gmt":"2017-11-16T01:53:00","guid":{"rendered":"http:\/\/blogdoedvaldomagalhaes.com.br\/index.php\/2017\/11\/15\/ferinha-de-caruaru-velorio-e\/"},"modified":"2019-02-09T01:52:52","modified_gmt":"2019-02-09T03:52:52","slug":"ferinha-de-caruaru-velorio-e","status":"publish","type":"post","link":"https:\/\/blogdoedvaldomagalhaes.com.br\/index.php\/2017\/11\/15\/ferinha-de-caruaru-velorio-e\/","title":{"rendered":"Ferinha de Caruaru: vel\u00f3rio e sepultamento definidos"},"content":{"rendered":"<div class=\"separator\" style=\"clear: both; text-align: center;\">\n<\/div>\n<div class=\"separator\" style=\"clear: both; text-align: center;\">\n<a href=\"https:\/\/3.bp.blogspot.com\/-YERaPo_B3mo\/WgziE9lEjII\/AAAAAAAAkWE\/qt8pJq-VSI4Ec64wX8LQNxxAIXrBskONACLcBGAs\/s1600\/IMG-20171115-WA0242.jpg\" imageanchor=\"1\" style=\"margin-left: 1em; margin-right: 1em;\"><img loading=\"lazy\" decoding=\"async\" border=\"0\" data-original-height=\"1136\" data-original-width=\"640\" height=\"400\" src=\"http:\/\/blogdoedvaldomagalhaes.com.br\/wp-content\/uploads\/2017\/11\/IMG-20171115-WA0242.jpg\" width=\"225\" \/><\/a><\/div>\n<div class=\"separator\" style=\"clear: both; text-align: center;\">\n<\/div>\n<div class=\"MsoNormal\" style=\"text-align: justify;\">\n<div class=\"MsoNormal\">\nO corpo de Manoel Messias da<br \/>\nSilva, o Ferinha de Caruaru, tamb\u00e9m conhecido como s\u00f3sia de Jorge de Altinho,<br \/>\nest\u00e1 sendo velado na Igreja Evang\u00e9lica Pentecostal, que est\u00e1 localizada na 7\u00aa<br \/>\nTravessa Panamericana 56, no bairro Nova Caruaru, de onde sair\u00e1 \u00e0s 9h da manh\u00e3<br \/>\npara o sepultamento que ocorrer\u00e1 no Cemit\u00e9rio de Terra Vermelha, nesta<br \/>\nquinta-feira (16).<\/div>\n<div class=\"MsoNormal\">\n<\/div>\n<p><\/p>\n<div class=\"MsoNormal\">\nFerinha faleceu por volta<br \/>\ndas 2h da madrugada desta quarta-feira (15), no Hospital Mestre Vitalino. A<br \/>\ncausa morte foi um choque cardiog\u00eanico, devido a insufici\u00eancia card\u00edaca e<br \/>\ncardiopatia dilatada. Ele tinha hipertens\u00e3o arterial sist\u00eamica e derrame pleural<br \/>\nbilateral.<\/div>\n<\/div>\n<p><\/p>\n","protected":false},"excerpt":{"rendered":"<p>O corpo de Manoel Messias da Silva, o Ferinha de Caruaru, tamb\u00e9m conhecido como s\u00f3sia de Jorge de Altinho, est\u00e1&hellip;<\/p>\n","protected":false},"author":1,"featured_media":0,"comment_status":"open","ping_status":"open","sticky":false,"template":"","format":"standard","meta":{"footnotes":""},"categories":[1],"tags":[2,4891,6,1950],"class_list":["post-4025","post","type-post","status-publish","format-standard","hentry","category-sem-categoria","tag-blog-do-edvaldo-magalhaes","tag-ferinha-de-caruaru-velorio-e-sepultamento-definidos","tag-noticias","tag-noticias-de-caruaru"],"_links":{"self":[{"href":"https:\/\/blogdoedvaldomagalhaes.com.br\/index.php\/wp-json\/wp\/v2\/posts\/4025","targetHints":{"allow":["GET"]}}],"collection":[{"href":"https:\/\/blogdoedvaldomagalhaes.com.br\/index.php\/wp-json\/wp\/v2\/posts"}],"about":[{"href":"https:\/\/blogdoedvaldomagalhaes.com.br\/index.php\/wp-json\/wp\/v2\/types\/post"}],"author":[{"embeddable":true,"href":"https:\/\/blogdoedvaldomagalhaes.com.br\/index.php\/wp-json\/wp\/v2\/users\/1"}],"replies":[{"embeddable":true,"href":"https:\/\/blogdoedvaldomagalhaes.com.br\/index.php\/wp-json\/wp\/v2\/comments?post=4025"}],"version-history":[{"count":1,"href":"https:\/\/blogdoedvaldomagalhaes.com.br\/index.php\/wp-json\/wp\/v2\/posts\/4025\/revisions"}],"predecessor-version":[{"id":26201,"href":"https:\/\/blogdoedvaldomagalhaes.com.br\/index.php\/wp-json\/wp\/v2\/posts\/4025\/revisions\/26201"}],"wp:attachment":[{"href":"https:\/\/blogdoedvaldomagalhaes.com.br\/index.php\/wp-json\/wp\/v2\/media?parent=4025"}],"wp:term":[{"taxonomy":"category","embeddable":true,"href":"https:\/\/blogdoedvaldomagalhaes.com.br\/index.php\/wp-json\/wp\/v2\/categories?post=4025"},{"taxonomy":"post_tag","embeddable":true,"href":"https:\/\/blogdoedvaldomagalhaes.com.br\/index.php\/wp-json\/wp\/v2\/tags?post=4025"}],"curies":[{"name":"wp","href":"https:\/\/api.w.org\/{rel}","templated":true}]}}