{"id":4024,"date":"2017-11-16T10:52:00","date_gmt":"2017-11-16T12:52:00","guid":{"rendered":"http:\/\/blogdoedvaldomagalhaes.com.br\/index.php\/2017\/11\/16\/asecgarapamultifrios-esta-na-semifina\/"},"modified":"2019-02-09T01:52:52","modified_gmt":"2019-02-09T03:52:52","slug":"asecgarapamultifrios-esta-na-semifina","status":"publish","type":"post","link":"https:\/\/blogdoedvaldomagalhaes.com.br\/index.php\/2017\/11\/16\/asecgarapamultifrios-esta-na-semifina\/","title":{"rendered":"Asec\/Garapa\/Multifrios est\u00e1 na semifinal do Campeonato Pernambucano de Futsal"},"content":{"rendered":"<div class=\"separator\" style=\"clear: both; text-align: center;\">\n<a href=\"https:\/\/1.bp.blogspot.com\/-TDWcjw4Ob9I\/Wg1sCf9BssI\/AAAAAAAAkXE\/kbinDD9JR7ALzVvAU1fxyPs1d0FZCvxcgCLcBGAs\/s1600\/fuitsal.jpg\" imageanchor=\"1\" style=\"margin-left: 1em; margin-right: 1em;\"><img loading=\"lazy\" decoding=\"async\" border=\"0\" data-original-height=\"960\" data-original-width=\"1280\" height=\"300\" src=\"http:\/\/blogdoedvaldomagalhaes.com.br\/wp-content\/uploads\/2017\/11\/fuitsal.jpg\" width=\"400\" \/><\/a><\/div>\n<div style=\"background-color: white; border: 0px; margin-bottom: 1.5em; outline: 0px; padding: 0px; text-align: justify; vertical-align: baseline;\">\n<\/div>\n<div style=\"background-color: white; border: 0px; margin-bottom: 1.5em; outline: 0px; padding: 0px; text-align: justify; vertical-align: baseline;\">\nNessa quarta-feira (15), no Gin\u00e1sio do Sesc Caruaru, a equipe da Asec\/Garapa\/Multifrios venceu o time do ABC\/Paulista&nbsp;por 4 a 3, com tr\u00eas gols do&nbsp;fixo Rafa e o tamb\u00e9m fixo, Dada fez um. Essa foi&nbsp;a \u00faltima rodada da segunda fase do Estadual e ficou na segunda coloca\u00e7\u00e3o do grupo \u201cE\u201d, com seis pontos ganhos, sendo duas vit\u00f3rias e uma derrota, nos tr\u00eas jogos da fase, conquistando assim uma vaga na semifinal do Campeonato Pernambucano de Futsal.&nbsp;<\/div>\n<div style=\"background-color: white; border: 0px; margin-bottom: 1.5em; outline: 0px; padding: 0px; text-align: justify; vertical-align: baseline;\">\nO ABC\/Paulista foi eliminado da competi\u00e7\u00e3o e terminou a participa\u00e7\u00e3o em terceiro lugar no grupo com dois pontos, em dois empates e uma derrota.<\/div>\n<div style=\"background-color: white; border: 0px; margin-bottom: 1.5em; outline: 0px; padding: 0px; text-align: justify; vertical-align: baseline;\">\nA equipe da Asec vai enfrentar o time de Jo\u00e3o Alfredo Futsal, na semifinal do Estadual. Ser\u00e3o duas partidas no mata-mata e quem levar a melhor vai brigar pelo t\u00edtulo do Pernambucano na grande final da competi\u00e7\u00e3o.<\/div>\n","protected":false},"excerpt":{"rendered":"<p>Nessa quarta-feira (15), no Gin\u00e1sio do Sesc Caruaru, a equipe da Asec\/Garapa\/Multifrios venceu o time do ABC\/Paulista&nbsp;por 4 a 3,&hellip;<\/p>\n","protected":false},"author":1,"featured_media":0,"comment_status":"open","ping_status":"open","sticky":false,"template":"","format":"standard","meta":{"footnotes":""},"categories":[1],"tags":[4888,4889,2,3,4890,1950],"class_list":["post-4024","post","type-post","status-publish","format-standard","hentry","category-sem-categoria","tag-abxc-paulista","tag-asec-garapa-multifrios-esta-na-semifinal-do-campeonato-pernambucano-de-futsal","tag-blog-do-edvaldo-magalhaes","tag-futebol","tag-ginasio-do-sesc-caruaru","tag-noticias-de-caruaru"],"_links":{"self":[{"href":"https:\/\/blogdoedvaldomagalhaes.com.br\/index.php\/wp-json\/wp\/v2\/posts\/4024","targetHints":{"allow":["GET"]}}],"collection":[{"href":"https:\/\/blogdoedvaldomagalhaes.com.br\/index.php\/wp-json\/wp\/v2\/posts"}],"about":[{"href":"https:\/\/blogdoedvaldomagalhaes.com.br\/index.php\/wp-json\/wp\/v2\/types\/post"}],"author":[{"embeddable":true,"href":"https:\/\/blogdoedvaldomagalhaes.com.br\/index.php\/wp-json\/wp\/v2\/users\/1"}],"replies":[{"embeddable":true,"href":"https:\/\/blogdoedvaldomagalhaes.com.br\/index.php\/wp-json\/wp\/v2\/comments?post=4024"}],"version-history":[{"count":1,"href":"https:\/\/blogdoedvaldomagalhaes.com.br\/index.php\/wp-json\/wp\/v2\/posts\/4024\/revisions"}],"predecessor-version":[{"id":26203,"href":"https:\/\/blogdoedvaldomagalhaes.com.br\/index.php\/wp-json\/wp\/v2\/posts\/4024\/revisions\/26203"}],"wp:attachment":[{"href":"https:\/\/blogdoedvaldomagalhaes.com.br\/index.php\/wp-json\/wp\/v2\/media?parent=4024"}],"wp:term":[{"taxonomy":"category","embeddable":true,"href":"https:\/\/blogdoedvaldomagalhaes.com.br\/index.php\/wp-json\/wp\/v2\/categories?post=4024"},{"taxonomy":"post_tag","embeddable":true,"href":"https:\/\/blogdoedvaldomagalhaes.com.br\/index.php\/wp-json\/wp\/v2\/tags?post=4024"}],"curies":[{"name":"wp","href":"https:\/\/api.w.org\/{rel}","templated":true}]}}