{"id":4020,"date":"2017-11-16T21:43:00","date_gmt":"2017-11-16T23:43:00","guid":{"rendered":"http:\/\/blogdoedvaldomagalhaes.com.br\/index.php\/2017\/11\/16\/saiba-sobre-o-estado-de-saude-do\/"},"modified":"2019-02-09T01:52:53","modified_gmt":"2019-02-09T03:52:53","slug":"saiba-sobre-o-estado-de-saude-do","status":"publish","type":"post","link":"https:\/\/blogdoedvaldomagalhaes.com.br\/index.php\/2017\/11\/16\/saiba-sobre-o-estado-de-saude-do\/","title":{"rendered":"Saiba sobre o estado de sa\u00fade do apresentador Alexandre Farias"},"content":{"rendered":"<div class=\"mc-column content-text active-extra-styles active-capital-letter\" data-block-id=\"2\" data-block-type=\"unstyled\" data-block-weight=\"49\" style=\"background-color: white; border: 0px; box-sizing: inherit; float: none; font-stretch: inherit; letter-spacing: -0.6px; line-height: 1.77; margin: 0px auto 30px; overflow-wrap: break-word; padding: 0px 1rem; vertical-align: baseline; width: 680px;\">\n<div class=\"separator\" style=\"clear: both; color: #484848; font-family: opensans, sans-serif; font-size: 18px; text-align: center;\">\n<a href=\"https:\/\/2.bp.blogspot.com\/-CUxOrL9Hl7c\/Wg4GE8WM-gI\/AAAAAAAAkbg\/N8WjwoE3N6Ue0a3gjHWs3_2KhkvdxnbnACLcBGAs\/s1600\/alex.jpg\" imageanchor=\"1\" style=\"margin-left: 1em; margin-right: 1em;\"><img loading=\"lazy\" decoding=\"async\" border=\"0\" data-original-height=\"450\" data-original-width=\"600\" height=\"300\" src=\"http:\/\/blogdoedvaldomagalhaes.com.br\/wp-content\/uploads\/2017\/11\/alex.jpg\" width=\"400\" \/><\/a><\/div>\n<div class=\"separator\" style=\"clear: both; color: #484848; font-family: opensans, sans-serif; font-size: 18px; text-align: center;\">\n<\/div>\n<div class=\"content-text__container theme-color-primary-first-letter\" data-track-category=\"Link no Texto\" data-track-links=\"\" style=\"border: 0px; box-sizing: inherit; font-stretch: inherit; font-style: inherit; font-variant: inherit; font-weight: inherit; line-height: inherit; padding: 0px; vertical-align: baseline;\">\n<div style=\"text-align: justify;\">\nDo G1<\/div>\n<\/div>\n<div class=\"content-text__container theme-color-primary-first-letter\" data-track-category=\"Link no Texto\" data-track-links=\"\" style=\"border: 0px; box-sizing: inherit; font-stretch: inherit; font-style: inherit; font-variant: inherit; font-weight: inherit; line-height: inherit; padding: 0px; vertical-align: baseline;\">\n<div style=\"text-align: justify;\">\nH\u00e1 dois meses o jornalista e apresentador da&nbsp;<strong style=\"border: 0px; box-sizing: inherit; font-stretch: inherit; font-style: inherit; font-variant: inherit; line-height: inherit; margin: 0px; padding: 0px; vertical-align: baseline;\">TV Asa Branca<\/strong>, Alexandre Farias, de 39 anos, foi v\u00edtima de uma bala perdida em Caruaru, Agreste de Pernambuco. Sessenta dias ap\u00f3s o acidente, ele segue na Unidade de Terapia Intensiva (UTI) do Hospital Esperan\u00e7a, no Recife, sem previs\u00e3o de alta.<\/div>\n<\/div>\n<\/div>\n<div class=\"mc-column content-text active-extra-styles \" data-block-id=\"3\" data-block-type=\"unstyled\" data-block-weight=\"83\" style=\"background-color: white; border: 0px; box-sizing: inherit; float: none; font-stretch: inherit; letter-spacing: -0.6px; line-height: 1.77; margin: 0px auto 30px; overflow-wrap: break-word; padding: 0px 1rem; vertical-align: baseline; width: 680px;\">\n<div class=\"content-text__container \" data-track-category=\"Link no Texto\" data-track-links=\"\" style=\"border: 0px; box-sizing: inherit; font-stretch: inherit; font-style: inherit; font-variant: inherit; font-weight: inherit; line-height: inherit; padding: 0px; vertical-align: baseline;\">\n<div style=\"text-align: justify;\">\nAo&nbsp;<strong style=\"border: 0px; box-sizing: inherit; font-stretch: inherit; font-style: inherit; font-variant: inherit; line-height: inherit; margin: 0px; padding: 0px; vertical-align: baseline;\">G1<\/strong>, a m\u00e9dica intensivista, chefe da UTI geral da unidade de sa\u00fade, Mariza da Fonte, explicou qual \u00e9 o atual quadro de Alexandre. &#8220;Neste momento ele est\u00e1 em um processo de reabilita\u00e7\u00e3o de um trauma de cr\u00e2nio grave, que ele sofreu em setembro. Ele est\u00e1 independente da ventila\u00e7\u00e3o mec\u00e2nica [ou seja, respira sem ajuda de aparelhos], tem um n\u00edvel de consci\u00eancia razo\u00e1vel, atende nossos pedidos, interage, acompanha o ambiente. Mas ainda \u00e9 muito cedo para termos um dom\u00ednio completo da situa\u00e7\u00e3o&#8221;, detalhou.<\/p>\n<p>Alexandre Farias responde aos est\u00edmulos dos m\u00e9dicos, mas ainda fala, devido uma traqueostomia.<\/p><\/div>\n<\/div>\n<\/div>\n","protected":false},"excerpt":{"rendered":"<p>Do G1 H\u00e1 dois meses o jornalista e apresentador da&nbsp;TV Asa Branca, Alexandre Farias, de 39 anos, foi v\u00edtima de&hellip;<\/p>\n","protected":false},"author":1,"featured_media":0,"comment_status":"open","ping_status":"open","sticky":false,"template":"","format":"standard","meta":{"footnotes":""},"categories":[1],"tags":[2,6,4881],"class_list":["post-4020","post","type-post","status-publish","format-standard","hentry","category-sem-categoria","tag-blog-do-edvaldo-magalhaes","tag-noticias","tag-saiba-sobre-o-estado-de-saude-do-apresentador-alexandre-farias"],"_links":{"self":[{"href":"https:\/\/blogdoedvaldomagalhaes.com.br\/index.php\/wp-json\/wp\/v2\/posts\/4020","targetHints":{"allow":["GET"]}}],"collection":[{"href":"https:\/\/blogdoedvaldomagalhaes.com.br\/index.php\/wp-json\/wp\/v2\/posts"}],"about":[{"href":"https:\/\/blogdoedvaldomagalhaes.com.br\/index.php\/wp-json\/wp\/v2\/types\/post"}],"author":[{"embeddable":true,"href":"https:\/\/blogdoedvaldomagalhaes.com.br\/index.php\/wp-json\/wp\/v2\/users\/1"}],"replies":[{"embeddable":true,"href":"https:\/\/blogdoedvaldomagalhaes.com.br\/index.php\/wp-json\/wp\/v2\/comments?post=4020"}],"version-history":[{"count":1,"href":"https:\/\/blogdoedvaldomagalhaes.com.br\/index.php\/wp-json\/wp\/v2\/posts\/4020\/revisions"}],"predecessor-version":[{"id":26217,"href":"https:\/\/blogdoedvaldomagalhaes.com.br\/index.php\/wp-json\/wp\/v2\/posts\/4020\/revisions\/26217"}],"wp:attachment":[{"href":"https:\/\/blogdoedvaldomagalhaes.com.br\/index.php\/wp-json\/wp\/v2\/media?parent=4020"}],"wp:term":[{"taxonomy":"category","embeddable":true,"href":"https:\/\/blogdoedvaldomagalhaes.com.br\/index.php\/wp-json\/wp\/v2\/categories?post=4020"},{"taxonomy":"post_tag","embeddable":true,"href":"https:\/\/blogdoedvaldomagalhaes.com.br\/index.php\/wp-json\/wp\/v2\/tags?post=4020"}],"curies":[{"name":"wp","href":"https:\/\/api.w.org\/{rel}","templated":true}]}}