{"id":4014,"date":"2017-11-17T00:27:00","date_gmt":"2017-11-17T02:27:00","guid":{"rendered":"http:\/\/blogdoedvaldomagalhaes.com.br\/index.php\/2017\/11\/17\/camara-de-caruaru-aprova-votos-de\/"},"modified":"2019-02-09T01:52:58","modified_gmt":"2019-02-09T03:52:58","slug":"camara-de-caruaru-aprova-votos-de","status":"publish","type":"post","link":"https:\/\/blogdoedvaldomagalhaes.com.br\/index.php\/2017\/11\/17\/camara-de-caruaru-aprova-votos-de\/","title":{"rendered":"C\u00e2mara de Caruaru aprova votos de aplausos para o empres\u00e1rio Adolfo Jos\u00e9"},"content":{"rendered":"<div class=\"separator\" style=\"clear: both; text-align: center;\">\n<a href=\"https:\/\/4.bp.blogspot.com\/-rSSHYQ1m958\/Wg4q-6V2ENI\/AAAAAAAAkdA\/pKQieK4zm1ckqceFfiGFfSnkSA5x9bZdQCLcBGAs\/s1600\/adolfo.JPG\" imageanchor=\"1\" style=\"margin-left: 1em; margin-right: 1em;\"><img loading=\"lazy\" decoding=\"async\" border=\"0\" data-original-height=\"425\" data-original-width=\"500\" height=\"340\" src=\"http:\/\/blogdoedvaldomagalhaes.com.br\/wp-content\/uploads\/2017\/11\/adolfo.jpg\" width=\"400\" \/><\/a><\/div>\n<div class=\"separator\" style=\"clear: both; text-align: center;\">\n<\/div>\n<div class=\"separator\" style=\"clear: both; text-align: justify;\">\nA C\u00e2mara Municipal de Caruaru aprovou por unanimidade na tarde desta quinta-feira (18), votos de aplausos para o empres\u00e1rio Adolfo Jos\u00e9, pela contribui\u00e7\u00e3o para a implanta\u00e7\u00e3o do Batalh\u00e3o Especializado de Policiamento de Caruaru (BIESP).<\/div>\n<div class=\"separator\" style=\"clear: both; text-align: justify;\">\n<\/div>\n<div class=\"separator\" style=\"clear: both; text-align: justify;\">\nDe acordo com o vereador Marcelo Gomes (PSB), autor da propositura &#8220;\u00e9 um reconhecimento do Poder Legislativo da contribui\u00e7\u00e3o que o empres\u00e1rio deu para o BIESP, n\u00e3o medindo esfor\u00e7os para viabilizar a vinda do Batalh\u00e3o para Caruaru, adaptando o local e investindo do pr\u00f3prio do bolso R$ 150 mil reais na reforma do pr\u00e9dio, que \u00e9 de Adolfo Jos\u00e9, e que foi colocado pelo Governo de Pernambuco&#8221;.<\/div>\n<p><\/p>\n","protected":false},"excerpt":{"rendered":"<p>A C\u00e2mara Municipal de Caruaru aprovou por unanimidade na tarde desta quinta-feira (18), votos de aplausos para o empres\u00e1rio Adolfo&hellip;<\/p>\n","protected":false},"author":1,"featured_media":0,"comment_status":"open","ping_status":"open","sticky":false,"template":"","format":"standard","meta":{"footnotes":""},"categories":[1],"tags":[2,4874,3114,20],"class_list":["post-4014","post","type-post","status-publish","format-standard","hentry","category-sem-categoria","tag-blog-do-edvaldo-magalhaes","tag-camara-de-caruaru-aprova-votos-de-aplausos-para-o-empresario-adolfo-jose","tag-noticias-da-politica-de-caruaru","tag-politica"],"_links":{"self":[{"href":"https:\/\/blogdoedvaldomagalhaes.com.br\/index.php\/wp-json\/wp\/v2\/posts\/4014","targetHints":{"allow":["GET"]}}],"collection":[{"href":"https:\/\/blogdoedvaldomagalhaes.com.br\/index.php\/wp-json\/wp\/v2\/posts"}],"about":[{"href":"https:\/\/blogdoedvaldomagalhaes.com.br\/index.php\/wp-json\/wp\/v2\/types\/post"}],"author":[{"embeddable":true,"href":"https:\/\/blogdoedvaldomagalhaes.com.br\/index.php\/wp-json\/wp\/v2\/users\/1"}],"replies":[{"embeddable":true,"href":"https:\/\/blogdoedvaldomagalhaes.com.br\/index.php\/wp-json\/wp\/v2\/comments?post=4014"}],"version-history":[{"count":1,"href":"https:\/\/blogdoedvaldomagalhaes.com.br\/index.php\/wp-json\/wp\/v2\/posts\/4014\/revisions"}],"predecessor-version":[{"id":26229,"href":"https:\/\/blogdoedvaldomagalhaes.com.br\/index.php\/wp-json\/wp\/v2\/posts\/4014\/revisions\/26229"}],"wp:attachment":[{"href":"https:\/\/blogdoedvaldomagalhaes.com.br\/index.php\/wp-json\/wp\/v2\/media?parent=4014"}],"wp:term":[{"taxonomy":"category","embeddable":true,"href":"https:\/\/blogdoedvaldomagalhaes.com.br\/index.php\/wp-json\/wp\/v2\/categories?post=4014"},{"taxonomy":"post_tag","embeddable":true,"href":"https:\/\/blogdoedvaldomagalhaes.com.br\/index.php\/wp-json\/wp\/v2\/tags?post=4014"}],"curies":[{"name":"wp","href":"https:\/\/api.w.org\/{rel}","templated":true}]}}