{"id":40021,"date":"2019-03-18T20:23:44","date_gmt":"2019-03-18T23:23:44","guid":{"rendered":"http:\/\/blogdoedvaldomagalhaes.com.br\/?p=40021"},"modified":"2019-03-19T07:57:55","modified_gmt":"2019-03-19T10:57:55","slug":"policia-prende-em-flagrante-acusado-de-tentativa-de-homicidio-em-caruaru","status":"publish","type":"post","link":"https:\/\/blogdoedvaldomagalhaes.com.br\/index.php\/2019\/03\/18\/policia-prende-em-flagrante-acusado-de-tentativa-de-homicidio-em-caruaru\/","title":{"rendered":"Pol\u00edcia prende em flagrante acusado de tentativa de homic\u00eddio em Caruaru"},"content":{"rendered":"\n<p><em>SDS\/ PCPE\/ DINTER- 1\/GCOI-1\/3\u00aaDHA &#8211; 20\u00b0 DPH &#8211; MALHAS DA LEI AIS14<\/em><\/p>\n\n\n\n<p><em>FLAGRANTE DO HOMIC\u00cdDIO TENTADO + ARMA DE FOGO<\/em><\/p>\n\n\n\n<p><em>LOCAL<\/em> FEIRA DA SULANCA, PETR\u00d3POLIS, CARUARU\/PE.<\/p>\n\n\n\n<p><em>DATA\/HORA:<\/em> 18\/03\/2019 &#8211; 11:00 horas <\/p>\n\n\n\n<p><em>VITIMAS<\/em>: JAMAR JORGE DE OLIVEIRA <\/p>\n\n\n\n<p><em>INSTRUMENTO:<\/em> INSTRUMENTO PERFUROCONTUNDENTE<\/p>\n\n\n\n<p><em>SUSPEITO(s)<\/em>: PAULO LUCIANO DA SILVA<\/p>\n\n\n\n<p><em>MOTIVA\u00c7\u00c3O PRELIMINAR:<\/em> BRIGA<\/p>\n\n\n\n<p><em>HIST\u00d3RICO: NA<\/em> MANH\u00c3 DE HOJE, POR VOLTA DE 11:00H, A V\u00cdTIMA E O AUTOR ESTAVAM INGERINDO BEBIDA ALCO\u00d3LICA QUANDO ACABARAM SE DESENTENDENDO. <br> O AUTOR FOI AT\u00c9 O BAIRRO JO\u00c3O MOTA, ONDE RESIDE, E SE APODEROU DE SEU REV\u00d3LVER CALIBRE 38, TENDO EM SEGUIDA RETORNADO PARA A FEIRA.<br> AO SE DEPARAR COM A V\u00cdTIMA A CONTENDA TEVE CONTINUIDADE, OCASI\u00c3O EM QUE O AUTOR PUXOU A ARMA DE FOGO DA CINTURA E EFETUOU UM DISPARO DIRECIONADO A CABE\u00c7A DA V\u00cdTIMA, POR\u00c9M ACABOU ATINGINDO-LHE NO OMBRO. <br> O AUTOR DO ATENTADO EMPREENDEU FUGA, CONTUDO FOI ALCAN\u00c7ADO E PRESO EM FLAGRANTE. <br> O AUTOR FOI CONDUZIDO PARA DELEGACIA DE POL\u00cdCIA PELA EQUIPE DO MALHAS DA LEI, SENDO LAVRADO AUTO DE PRIS\u00c3O EM FLAGRANTE. <br> A ARMA USADA NO CRIME POSSUI RESTRI\u00c7\u00c3O DE ROUBO.<\/p>\n\n\n\n<figure class=\"wp-block-image\"><img loading=\"lazy\" decoding=\"async\" width=\"576\" height=\"1024\" src=\"http:\/\/blogdoedvaldomagalhaes.com.br\/wp-content\/uploads\/2019\/03\/IMG-20190318-WA0137-576x1024.jpg\" alt=\"\" class=\"wp-image-40025\" srcset=\"https:\/\/blogdoedvaldomagalhaes.com.br\/wp-content\/uploads\/2019\/03\/IMG-20190318-WA0137-576x1024.jpg 576w, https:\/\/blogdoedvaldomagalhaes.com.br\/wp-content\/uploads\/2019\/03\/IMG-20190318-WA0137-169x300.jpg 169w, https:\/\/blogdoedvaldomagalhaes.com.br\/wp-content\/uploads\/2019\/03\/IMG-20190318-WA0137.jpg 581w\" sizes=\"auto, (max-width: 576px) 100vw, 576px\" \/><figcaption>Suspeito <\/figcaption><\/figure>\n\n\n\n<p><em>Equipe da 20\u00b0 DPH<\/em><br>\nDPC  M\u00c1RCIO GEORGE;<br>\nEPC WANDSON;<br>\nCPC ALEXANDRE BARBOSA;<br>\nCPC SANDRO AZEVEDO;<br>\nCPC VALDIAER GASPAR;<br>\nCPC ALISSON GLEBER;<br>\nCPC HELBER ALMEIDA;<br>\nAPC ANDR\u00c9A CRUZ.<br>\n.<\/p>\n","protected":false},"excerpt":{"rendered":"<p>SDS\/ PCPE\/ DINTER- 1\/GCOI-1\/3\u00aaDHA &#8211; 20\u00b0 DPH &#8211; MALHAS DA LEI AIS14 FLAGRANTE DO HOMIC\u00cdDIO TENTADO + ARMA DE FOGO&hellip;<\/p>\n","protected":false},"author":1,"featured_media":40022,"comment_status":"closed","ping_status":"open","sticky":false,"template":"","format":"standard","meta":{"footnotes":""},"categories":[14121],"tags":[2,14713],"class_list":["post-40021","post","type-post","status-publish","format-standard","has-post-thumbnail","hentry","category-policial","tag-blog-do-edvaldo-magalhaes","tag-policia-prende-em-flagrante-acusado-de-tentativa-de-homicidio-em-caruaru"],"_links":{"self":[{"href":"https:\/\/blogdoedvaldomagalhaes.com.br\/index.php\/wp-json\/wp\/v2\/posts\/40021","targetHints":{"allow":["GET"]}}],"collection":[{"href":"https:\/\/blogdoedvaldomagalhaes.com.br\/index.php\/wp-json\/wp\/v2\/posts"}],"about":[{"href":"https:\/\/blogdoedvaldomagalhaes.com.br\/index.php\/wp-json\/wp\/v2\/types\/post"}],"author":[{"embeddable":true,"href":"https:\/\/blogdoedvaldomagalhaes.com.br\/index.php\/wp-json\/wp\/v2\/users\/1"}],"replies":[{"embeddable":true,"href":"https:\/\/blogdoedvaldomagalhaes.com.br\/index.php\/wp-json\/wp\/v2\/comments?post=40021"}],"version-history":[{"count":4,"href":"https:\/\/blogdoedvaldomagalhaes.com.br\/index.php\/wp-json\/wp\/v2\/posts\/40021\/revisions"}],"predecessor-version":[{"id":40028,"href":"https:\/\/blogdoedvaldomagalhaes.com.br\/index.php\/wp-json\/wp\/v2\/posts\/40021\/revisions\/40028"}],"wp:featuredmedia":[{"embeddable":true,"href":"https:\/\/blogdoedvaldomagalhaes.com.br\/index.php\/wp-json\/wp\/v2\/media\/40022"}],"wp:attachment":[{"href":"https:\/\/blogdoedvaldomagalhaes.com.br\/index.php\/wp-json\/wp\/v2\/media?parent=40021"}],"wp:term":[{"taxonomy":"category","embeddable":true,"href":"https:\/\/blogdoedvaldomagalhaes.com.br\/index.php\/wp-json\/wp\/v2\/categories?post=40021"},{"taxonomy":"post_tag","embeddable":true,"href":"https:\/\/blogdoedvaldomagalhaes.com.br\/index.php\/wp-json\/wp\/v2\/tags?post=40021"}],"curies":[{"name":"wp","href":"https:\/\/api.w.org\/{rel}","templated":true}]}}