{"id":3999,"date":"2017-11-18T23:14:00","date_gmt":"2017-11-19T01:14:00","guid":{"rendered":"http:\/\/blogdoedvaldomagalhaes.com.br\/index.php\/2017\/11\/18\/identificado-menor-de-16-anos-que-foi\/"},"modified":"2019-02-09T01:53:05","modified_gmt":"2019-02-09T03:53:05","slug":"identificado-menor-de-16-anos-que-foi","status":"publish","type":"post","link":"https:\/\/blogdoedvaldomagalhaes.com.br\/index.php\/2017\/11\/18\/identificado-menor-de-16-anos-que-foi\/","title":{"rendered":"Identificado menor de 16 anos que foi assassinado a tiros em Caruaru"},"content":{"rendered":"<div class=\"separator\" style=\"clear: both; text-align: center;\">\n<a href=\"https:\/\/2.bp.blogspot.com\/-dAPwKnA7d-g\/WhC-Zd9A_vI\/AAAAAAAAknM\/BGX5-9XgMvUnCCHTis4D9pYK-AR6i16ZwCLcBGAs\/s1600\/josias.jpg\" imageanchor=\"1\" style=\"margin-left: 1em; margin-right: 1em;\"><img loading=\"lazy\" decoding=\"async\" border=\"0\" data-original-height=\"562\" data-original-width=\"1000\" height=\"221\" src=\"http:\/\/blogdoedvaldomagalhaes.com.br\/wp-content\/uploads\/2017\/11\/josias-1.jpg\" width=\"400\" \/><\/a><\/div>\n<div class=\"separator\" style=\"clear: both; text-align: center;\">\nFoto: Josias Souza\/Sem Meias Palavras<\/div>\n<div style=\"background-color: white; box-sizing: border-box; line-height: 24px; margin-bottom: 10px; text-align: justify;\">\n<\/div>\n<div style=\"background-color: white; box-sizing: border-box; line-height: 24px; margin-bottom: 10px; text-align: justify;\">\nO adolescente Valter da Silva J\u00fanior (Valtinho), de 16 anos foi assassinado a tiros, no final da tarde deste s\u00e1bado (18), na rua Carlos Chagas, em Caruaru.<\/div>\n<div style=\"background-color: white; box-sizing: border-box; line-height: 24px; margin-bottom: 10px; text-align: justify;\">\nDe acordo com a pol\u00edcia, ele morava no bairro Indian\u00f3polis, era usu\u00e1rio de drogas, e provavelmente, estaria fugindo dos assassinos. A autoria do crime ainda \u00e9 desconhecida. A v\u00edtima havia sido acusada de pr\u00e1tica de assalto usando uma peruca no bairro Riach\u00e3o, j\u00e1 foi pega algumas vezes pela pol\u00edcia na feira do troca.&nbsp;<\/p>\n<p><\/p>\n<div class=\"separator\" style=\"clear: both; text-align: center;\">\n<a href=\"https:\/\/2.bp.blogspot.com\/-vQqx59mKGe0\/WhDDF5_z3oI\/AAAAAAAAknY\/zB8icN7zcZ0bqF6nSrkmriYUU7J_2dmQQCLcBGAs\/s1600\/vs.jpg\" imageanchor=\"1\" style=\"margin-left: 1em; margin-right: 1em;\"><img loading=\"lazy\" decoding=\"async\" border=\"0\" data-original-height=\"845\" data-original-width=\"476\" height=\"400\" src=\"http:\/\/blogdoedvaldomagalhaes.com.br\/wp-content\/uploads\/2017\/11\/vs.jpg\" width=\"221\" \/><\/a><\/div>\n<p><\/div>\n<div style=\"background-color: white; box-sizing: border-box; line-height: 24px; margin-bottom: 10px; text-align: justify;\">\nO corpo foi encaminhado para o Instituto de Medicina Legal (IML). Com este homic\u00eddio, sobe para 12 o n\u00famero de pessoas assassinadas no m\u00eas de novembro em Caruaru e para 246 neste ano de 2017.<\/div>\n","protected":false},"excerpt":{"rendered":"<p>Foto: Josias Souza\/Sem Meias Palavras O adolescente Valter da Silva J\u00fanior (Valtinho), de 16 anos foi assassinado a tiros, no&hellip;<\/p>\n","protected":false},"author":1,"featured_media":0,"comment_status":"open","ping_status":"open","sticky":false,"template":"","format":"standard","meta":{"footnotes":""},"categories":[1],"tags":[1970,2,4850,3149,1479,13],"class_list":["post-3999","post","type-post","status-publish","format-standard","hentry","category-sem-categoria","tag-bairro-santa-rosa","tag-blog-do-edvaldo-magalhaes","tag-identificado-menor-de-16-anos-que-foi-assassinado-a-tiros-em-caruaru","tag-iml","tag-noticias-policiais","tag-policial"],"_links":{"self":[{"href":"https:\/\/blogdoedvaldomagalhaes.com.br\/index.php\/wp-json\/wp\/v2\/posts\/3999","targetHints":{"allow":["GET"]}}],"collection":[{"href":"https:\/\/blogdoedvaldomagalhaes.com.br\/index.php\/wp-json\/wp\/v2\/posts"}],"about":[{"href":"https:\/\/blogdoedvaldomagalhaes.com.br\/index.php\/wp-json\/wp\/v2\/types\/post"}],"author":[{"embeddable":true,"href":"https:\/\/blogdoedvaldomagalhaes.com.br\/index.php\/wp-json\/wp\/v2\/users\/1"}],"replies":[{"embeddable":true,"href":"https:\/\/blogdoedvaldomagalhaes.com.br\/index.php\/wp-json\/wp\/v2\/comments?post=3999"}],"version-history":[{"count":1,"href":"https:\/\/blogdoedvaldomagalhaes.com.br\/index.php\/wp-json\/wp\/v2\/posts\/3999\/revisions"}],"predecessor-version":[{"id":26277,"href":"https:\/\/blogdoedvaldomagalhaes.com.br\/index.php\/wp-json\/wp\/v2\/posts\/3999\/revisions\/26277"}],"wp:attachment":[{"href":"https:\/\/blogdoedvaldomagalhaes.com.br\/index.php\/wp-json\/wp\/v2\/media?parent=3999"}],"wp:term":[{"taxonomy":"category","embeddable":true,"href":"https:\/\/blogdoedvaldomagalhaes.com.br\/index.php\/wp-json\/wp\/v2\/categories?post=3999"},{"taxonomy":"post_tag","embeddable":true,"href":"https:\/\/blogdoedvaldomagalhaes.com.br\/index.php\/wp-json\/wp\/v2\/tags?post=3999"}],"curies":[{"name":"wp","href":"https:\/\/api.w.org\/{rel}","templated":true}]}}