{"id":3998,"date":"2017-11-19T16:12:00","date_gmt":"2017-11-19T18:12:00","guid":{"rendered":"http:\/\/blogdoedvaldomagalhaes.com.br\/index.php\/2017\/11\/19\/vendedores-de-carros-e-motos-querem-ir\/"},"modified":"2019-02-09T01:53:06","modified_gmt":"2019-02-09T03:53:06","slug":"vendedores-de-carros-e-motos-querem-ir","status":"publish","type":"post","link":"https:\/\/blogdoedvaldomagalhaes.com.br\/index.php\/2017\/11\/19\/vendedores-de-carros-e-motos-querem-ir\/","title":{"rendered":"Vendedores de carros e motos querem ir para o P\u00e1tio de Eventos e fazem abaixo-assinado"},"content":{"rendered":"<div class=\"separator\" style=\"clear: both; text-align: center;\">\n<a href=\"https:\/\/2.bp.blogspot.com\/-7gPP0giBHIk\/WhGsPDF6ZtI\/AAAAAAAAkqk\/gsyfWgI9N28EJFDXucxvdA5aOHOQS1aDgCLcBGAs\/s1600\/IMG-20171119-WA0101.jpg\" imageanchor=\"1\" style=\"margin-left: 1em; margin-right: 1em;\"><img loading=\"lazy\" decoding=\"async\" border=\"0\" data-original-height=\"584\" data-original-width=\"1040\" height=\"222\" src=\"http:\/\/blogdoedvaldomagalhaes.com.br\/wp-content\/uploads\/2017\/11\/IMG-20171119-WA0101.jpg\" width=\"400\" \/><\/a><\/div>\n<p><\/p>\n<div class=\"MsoNormal\" style=\"text-align: justify;\">\nA feira de motos<br \/>\ne carros que acontece aos domingos no conhecido &#8220;estacionamento da vi\u00fava&#8221;, por<br \/>\ntr\u00e1s da Escola Felisberto de Carvalho, no Parque o 18 de Maio, vai mudar de<br \/>\nlocal, a partir do pr\u00f3ximo domingo (26), devido a Feira da Sulanca, que<br \/>\nser\u00e1 realizada aos domingos e segundas-feiras. A feira vai acontecer agora no<br \/>\nestacionamento do Alto do Moura, com in\u00edcio \u00e0s 5h e vai at\u00e9 \u00e0s 13h. A mudan\u00e7a<br \/>\nser\u00e1 nos dias 26 de novembro, 03, 10, 17 e 24 de dezembro. Em janeiro a feira<br \/>\nde voltar ao Parque 18 de Maio.<\/div>\n<div class=\"MsoNormal\" style=\"text-align: justify;\">\n<\/div>\n<div class=\"separator\" style=\"clear: both; text-align: center;\">\n<a href=\"https:\/\/4.bp.blogspot.com\/-oH4d2CxvHxk\/WhGsXbWtU-I\/AAAAAAAAkqo\/JHyD7winqCYsNm0Xfciq4v0JEuEdLgWUgCLcBGAs\/s1600\/IMG-20171119-WA0100.jpg\" imageanchor=\"1\" style=\"margin-left: 1em; margin-right: 1em;\"><img loading=\"lazy\" decoding=\"async\" border=\"0\" data-original-height=\"584\" data-original-width=\"1040\" height=\"222\" src=\"http:\/\/blogdoedvaldomagalhaes.com.br\/wp-content\/uploads\/2017\/11\/IMG-20171119-WA0100.jpg\" width=\"400\" \/><\/a><\/div>\n<p><\/p>\n<div style=\"text-align: justify;\">\n<div class=\"MsoNormal\">\nO local<br \/>\nescolhido pela Prefeitura de Caruaru, n\u00e3o agradou aos ambulantes, feirantes,<br \/>\nvendedores de carros e motos, por este motivo, a Associa\u00e7\u00e3o Caruaruense dos<br \/>\nTrabalhadores Aut\u00f4nomos (ACTA), recolheu mais de 100 assinaturas das pessoas<br \/>\nque estavam no Parque 18 de Maio na manh\u00e3 deste domingo (19), e o<br \/>\nabaixo-assinado ser\u00e1 entregue na Destra nesta segunda-feira (20). Todos querem<br \/>\na feira seja realizada no P\u00e1tio de Eventos Luiz Gonzaga, e n\u00e3o no Alto do<br \/>\nMoura.&nbsp;<\/div>\n<\/div>\n<p><\/p>\n<div class=\"separator\" style=\"clear: both; text-align: center;\">\n<a href=\"https:\/\/2.bp.blogspot.com\/-Gl29lfR0ZYU\/WhGscnwBAyI\/AAAAAAAAkqw\/bh9TF6RcLsQu0BiUjp3KJOnZHX-QfzIEgCLcBGAs\/s1600\/IMG-20171119-WA0098.jpg\" imageanchor=\"1\" style=\"margin-left: 1em; margin-right: 1em;\"><img loading=\"lazy\" decoding=\"async\" border=\"0\" data-original-height=\"584\" data-original-width=\"1040\" height=\"222\" src=\"http:\/\/blogdoedvaldomagalhaes.com.br\/wp-content\/uploads\/2017\/11\/IMG-20171119-WA0098.jpg\" width=\"400\" \/><\/a><\/div>\n<div class=\"separator\" style=\"clear: both; text-align: center;\">\n<\/div>\n<div class=\"MsoNormal\" style=\"text-align: justify;\">\nNas manh\u00e3s dos domingo carros e motos<br \/>\nnovos e usados, s\u00e3o expostos por donos de agencias e corretores particulares de<br \/>\nCaruaru e de v\u00e1rias cidades da regi\u00e3o, no Parque 18 de Maio. A feira conta ainda com um servi\u00e7o de<br \/>\nsom atrav\u00e9s de auto-falantes por toda \u00e1rea comercializada, conta com um<br \/>\ncom\u00e9rcio paralelo de pe\u00e7as e equipamentos novos e usados e um restaurante de<br \/>\ngrande porte, al\u00e9m de v\u00e1rias barracas de lanches para atender aos compradores e<br \/>\nvendedores.<\/div>\n","protected":false},"excerpt":{"rendered":"<p>A feira de motos e carros que acontece aos domingos no conhecido &#8220;estacionamento da vi\u00fava&#8221;, por tr\u00e1s da Escola Felisberto&hellip;<\/p>\n","protected":false},"author":1,"featured_media":0,"comment_status":"open","ping_status":"open","sticky":false,"template":"","format":"standard","meta":{"footnotes":""},"categories":[1],"tags":[4848,2,6,4849],"class_list":["post-3998","post","type-post","status-publish","format-standard","hentry","category-sem-categoria","tag-associacao-caruaruense-dos-trabalhadores-autonomos","tag-blog-do-edvaldo-magalhaes","tag-noticias","tag-vendedores-de-carros-e-motos-querem-ir-para-o-patio-de-eventos-e-fazem-baixo-assinado"],"_links":{"self":[{"href":"https:\/\/blogdoedvaldomagalhaes.com.br\/index.php\/wp-json\/wp\/v2\/posts\/3998","targetHints":{"allow":["GET"]}}],"collection":[{"href":"https:\/\/blogdoedvaldomagalhaes.com.br\/index.php\/wp-json\/wp\/v2\/posts"}],"about":[{"href":"https:\/\/blogdoedvaldomagalhaes.com.br\/index.php\/wp-json\/wp\/v2\/types\/post"}],"author":[{"embeddable":true,"href":"https:\/\/blogdoedvaldomagalhaes.com.br\/index.php\/wp-json\/wp\/v2\/users\/1"}],"replies":[{"embeddable":true,"href":"https:\/\/blogdoedvaldomagalhaes.com.br\/index.php\/wp-json\/wp\/v2\/comments?post=3998"}],"version-history":[{"count":1,"href":"https:\/\/blogdoedvaldomagalhaes.com.br\/index.php\/wp-json\/wp\/v2\/posts\/3998\/revisions"}],"predecessor-version":[{"id":26281,"href":"https:\/\/blogdoedvaldomagalhaes.com.br\/index.php\/wp-json\/wp\/v2\/posts\/3998\/revisions\/26281"}],"wp:attachment":[{"href":"https:\/\/blogdoedvaldomagalhaes.com.br\/index.php\/wp-json\/wp\/v2\/media?parent=3998"}],"wp:term":[{"taxonomy":"category","embeddable":true,"href":"https:\/\/blogdoedvaldomagalhaes.com.br\/index.php\/wp-json\/wp\/v2\/categories?post=3998"},{"taxonomy":"post_tag","embeddable":true,"href":"https:\/\/blogdoedvaldomagalhaes.com.br\/index.php\/wp-json\/wp\/v2\/tags?post=3998"}],"curies":[{"name":"wp","href":"https:\/\/api.w.org\/{rel}","templated":true}]}}