{"id":39932,"date":"2019-03-17T09:45:23","date_gmt":"2019-03-17T12:45:23","guid":{"rendered":"http:\/\/blogdoedvaldomagalhaes.com.br\/?p=39932"},"modified":"2019-03-19T10:34:41","modified_gmt":"2019-03-19T13:34:41","slug":"taxistas-reclamam-de-taxa-cobrada-pela-prefeitura-de-caruaru-e-pedem-apoio-de-deputado-e-vereador","status":"publish","type":"post","link":"https:\/\/blogdoedvaldomagalhaes.com.br\/index.php\/2019\/03\/17\/taxistas-reclamam-de-taxa-cobrada-pela-prefeitura-de-caruaru-e-pedem-apoio-de-deputado-e-vereador\/","title":{"rendered":"Taxistas reclamam de taxa cobrada pela Prefeitura de Caruaru e pedem apoio de deputado e vereador"},"content":{"rendered":"\n<p>Os taxistas de Caruaru est\u00e3o reclamando de uma taxa que est\u00e1 sendo cobrada pela Prefeitura de Caruaru, no valor de R$ 141,15. Segundo a categoria, a Lei n\u00famero 3.692 de 23 de mar\u00e7o de 1995, isenta os taxistas do Imposto sobre Servi\u00e7o de Qualquer Natureza e d\u00e1 outras provid\u00eancias. <\/p>\n\n\n\n<figure class=\"wp-block-image\"><img loading=\"lazy\" decoding=\"async\" width=\"1024\" height=\"768\" src=\"http:\/\/blogdoedvaldomagalhaes.com.br\/wp-content\/uploads\/2019\/03\/IMG-20190317-WA0054-1024x768.jpg\" alt=\"\" class=\"wp-image-39935\" srcset=\"https:\/\/blogdoedvaldomagalhaes.com.br\/wp-content\/uploads\/2019\/03\/IMG-20190317-WA0054-1024x768.jpg 1024w, https:\/\/blogdoedvaldomagalhaes.com.br\/wp-content\/uploads\/2019\/03\/IMG-20190317-WA0054-300x225.jpg 300w, https:\/\/blogdoedvaldomagalhaes.com.br\/wp-content\/uploads\/2019\/03\/IMG-20190317-WA0054-768x576.jpg 768w, https:\/\/blogdoedvaldomagalhaes.com.br\/wp-content\/uploads\/2019\/03\/IMG-20190317-WA0054-160x120.jpg 160w, https:\/\/blogdoedvaldomagalhaes.com.br\/wp-content\/uploads\/2019\/03\/IMG-20190317-WA0054.jpg 1280w\" sizes=\"auto, (max-width: 1024px) 100vw, 1024px\" \/><\/figure>\n\n\n\n<p>A lei foi assinada pelo ent\u00e3o prefeito Jos\u00e9 Queiroz, hoje deputado estadual, que foi convidado por alguns taxistas para legislar em prol dos profissionais. Queiroz esteve acompanhado do vereador Fagner Fernandes e do secret\u00e1rio de estado Alberes Lopes. <\/p>\n\n\n\n<figure class=\"wp-block-image\"><img loading=\"lazy\" decoding=\"async\" width=\"1024\" height=\"768\" src=\"http:\/\/blogdoedvaldomagalhaes.com.br\/wp-content\/uploads\/2019\/03\/IMG-20190317-WA0055-1-1024x768.jpg\" alt=\"\" class=\"wp-image-39936\" srcset=\"https:\/\/blogdoedvaldomagalhaes.com.br\/wp-content\/uploads\/2019\/03\/IMG-20190317-WA0055-1-1024x768.jpg 1024w, https:\/\/blogdoedvaldomagalhaes.com.br\/wp-content\/uploads\/2019\/03\/IMG-20190317-WA0055-1-300x225.jpg 300w, https:\/\/blogdoedvaldomagalhaes.com.br\/wp-content\/uploads\/2019\/03\/IMG-20190317-WA0055-1-768x576.jpg 768w, https:\/\/blogdoedvaldomagalhaes.com.br\/wp-content\/uploads\/2019\/03\/IMG-20190317-WA0055-1-160x120.jpg 160w, https:\/\/blogdoedvaldomagalhaes.com.br\/wp-content\/uploads\/2019\/03\/IMG-20190317-WA0055-1.jpg 1280w\" sizes=\"auto, (max-width: 1024px) 100vw, 1024px\" \/><\/figure>\n\n\n\n<p>Fagner Fernandes prometeu defender os taxistas na C\u00e2mara de Vereadores de Caruaru, pedindo para a prefeita Raquel Lyra (PSDB) cumprir a lei e isentar os taxistas da cobran\u00e7a da taxa. <\/p>\n\n\n\n<figure class=\"wp-block-image\"><img loading=\"lazy\" decoding=\"async\" width=\"1024\" height=\"768\" src=\"http:\/\/blogdoedvaldomagalhaes.com.br\/wp-content\/uploads\/2019\/03\/IMG-20190317-WA0057-1024x768.jpg\" alt=\"\" class=\"wp-image-39937\" srcset=\"https:\/\/blogdoedvaldomagalhaes.com.br\/wp-content\/uploads\/2019\/03\/IMG-20190317-WA0057-1024x768.jpg 1024w, https:\/\/blogdoedvaldomagalhaes.com.br\/wp-content\/uploads\/2019\/03\/IMG-20190317-WA0057-300x225.jpg 300w, https:\/\/blogdoedvaldomagalhaes.com.br\/wp-content\/uploads\/2019\/03\/IMG-20190317-WA0057-768x576.jpg 768w, https:\/\/blogdoedvaldomagalhaes.com.br\/wp-content\/uploads\/2019\/03\/IMG-20190317-WA0057-160x120.jpg 160w, https:\/\/blogdoedvaldomagalhaes.com.br\/wp-content\/uploads\/2019\/03\/IMG-20190317-WA0057.jpg 1280w\" sizes=\"auto, (max-width: 1024px) 100vw, 1024px\" \/><\/figure>\n\n\n\n<p>Em Caruaru s\u00e3o 363 taxistas. <\/p>\n\n\n\n<p>Informa\u00e7\u00f5es e fotos: Blog do Edvaldo Magalh\u00e3es.<\/p>\n","protected":false},"excerpt":{"rendered":"<p>Os taxistas de Caruaru est\u00e3o reclamando de uma taxa que est\u00e1 sendo cobrada pela Prefeitura de Caruaru, no valor de&hellip;<\/p>\n","protected":false},"author":1,"featured_media":39939,"comment_status":"closed","ping_status":"open","sticky":false,"template":"","format":"standard","meta":{"footnotes":""},"categories":[14120],"tags":[2155,2,5152,14698],"class_list":["post-39932","post","type-post","status-publish","format-standard","has-post-thumbnail","hentry","category-noticias","tag-alberes-lopes","tag-blog-do-edvaldo-magalhaes","tag-jose-queiroz","tag-taxistas-reclamam-de-taxa-cobrada-pela-prefeitura-de-caruaru-e-pedem-apoio-de-deputado-e-vereador"],"_links":{"self":[{"href":"https:\/\/blogdoedvaldomagalhaes.com.br\/index.php\/wp-json\/wp\/v2\/posts\/39932","targetHints":{"allow":["GET"]}}],"collection":[{"href":"https:\/\/blogdoedvaldomagalhaes.com.br\/index.php\/wp-json\/wp\/v2\/posts"}],"about":[{"href":"https:\/\/blogdoedvaldomagalhaes.com.br\/index.php\/wp-json\/wp\/v2\/types\/post"}],"author":[{"embeddable":true,"href":"https:\/\/blogdoedvaldomagalhaes.com.br\/index.php\/wp-json\/wp\/v2\/users\/1"}],"replies":[{"embeddable":true,"href":"https:\/\/blogdoedvaldomagalhaes.com.br\/index.php\/wp-json\/wp\/v2\/comments?post=39932"}],"version-history":[{"count":3,"href":"https:\/\/blogdoedvaldomagalhaes.com.br\/index.php\/wp-json\/wp\/v2\/posts\/39932\/revisions"}],"predecessor-version":[{"id":40029,"href":"https:\/\/blogdoedvaldomagalhaes.com.br\/index.php\/wp-json\/wp\/v2\/posts\/39932\/revisions\/40029"}],"wp:featuredmedia":[{"embeddable":true,"href":"https:\/\/blogdoedvaldomagalhaes.com.br\/index.php\/wp-json\/wp\/v2\/media\/39939"}],"wp:attachment":[{"href":"https:\/\/blogdoedvaldomagalhaes.com.br\/index.php\/wp-json\/wp\/v2\/media?parent=39932"}],"wp:term":[{"taxonomy":"category","embeddable":true,"href":"https:\/\/blogdoedvaldomagalhaes.com.br\/index.php\/wp-json\/wp\/v2\/categories?post=39932"},{"taxonomy":"post_tag","embeddable":true,"href":"https:\/\/blogdoedvaldomagalhaes.com.br\/index.php\/wp-json\/wp\/v2\/tags?post=39932"}],"curies":[{"name":"wp","href":"https:\/\/api.w.org\/{rel}","templated":true}]}}