{"id":3985,"date":"2017-11-20T20:54:00","date_gmt":"2017-11-20T22:54:00","guid":{"rendered":"http:\/\/blogdoedvaldomagalhaes.com.br\/index.php\/2017\/11\/20\/central-de-caruaru-contrata-goleiro\/"},"modified":"2019-02-09T01:53:18","modified_gmt":"2019-02-09T03:53:18","slug":"central-de-caruaru-contrata-goleiro","status":"publish","type":"post","link":"https:\/\/blogdoedvaldomagalhaes.com.br\/index.php\/2017\/11\/20\/central-de-caruaru-contrata-goleiro\/","title":{"rendered":"Central de Caruaru contrata goleiro para a temporada 2018"},"content":{"rendered":"<div class=\"separator\" style=\"clear: both; text-align: center;\">\n<a href=\"https:\/\/3.bp.blogspot.com\/-hcvysyLHDfM\/WhNAv-jLMVI\/AAAAAAAAkvw\/omnuC9czmq8yj5GVYTS9jxXOOp0kuumswCLcBGAs\/s1600\/IMG-20171120-WA0107.jpg\" imageanchor=\"1\" style=\"margin-left: 1em; margin-right: 1em;\"><img loading=\"lazy\" decoding=\"async\" border=\"0\" data-original-height=\"1256\" data-original-width=\"1000\" height=\"320\" src=\"http:\/\/blogdoedvaldomagalhaes.com.br\/wp-content\/uploads\/2017\/11\/IMG-20171120-WA0107.jpg\" width=\"254\" \/><\/a><\/div>\n<p><\/p>\n<div style=\"text-align: justify;\">\n<\/div>\n<div style=\"text-align: justify;\">\nO Central tem um novo goleiro para a temporada 2018.&nbsp;Trata-se de Murilo Amorim Prates, o Murilo Prates, de 24 anos, 1,96 cm e natural de S\u00e3o Paulo\/SP.<\/div>\n<div style=\"text-align: justify;\">\n<\/div>\n<div style=\"text-align: justify;\">\nPrates tem em seu curr\u00edculo passagens por Uni\u00e3o Barbarense, Paran\u00e1, Rio Branco\/PR, Rio Preto e Oeste\/SP.<\/div>\n<div style=\"text-align: justify;\">\n<\/div>\n<div style=\"text-align: justify;\">\nCom a oficializa\u00e7\u00e3o de Prates, o Central j\u00e1 tem seus tr\u00eas goleiros para 2018: Murilo Prates, Murilo e Denis.<\/div>\n","protected":false},"excerpt":{"rendered":"<p>O Central tem um novo goleiro para a temporada 2018.&nbsp;Trata-se de Murilo Amorim Prates, o Murilo Prates, de 24 anos,&hellip;<\/p>\n","protected":false},"author":1,"featured_media":0,"comment_status":"open","ping_status":"open","sticky":false,"template":"","format":"standard","meta":{"footnotes":""},"categories":[1],"tags":[2,4824,3,4756,4825,4826,4827,4828,4829],"class_list":["post-3985","post","type-post","status-publish","format-standard","hentry","category-sem-categoria","tag-blog-do-edvaldo-magalhaes","tag-central-de-caruaru-contrata-goleiro-para-a-temporada-2018","tag-futebol","tag-murilo-prates","tag-oeste-sp","tag-parana","tag-rio-branco-pr","tag-rio-preto","tag-uniao-barbarense"],"_links":{"self":[{"href":"https:\/\/blogdoedvaldomagalhaes.com.br\/index.php\/wp-json\/wp\/v2\/posts\/3985","targetHints":{"allow":["GET"]}}],"collection":[{"href":"https:\/\/blogdoedvaldomagalhaes.com.br\/index.php\/wp-json\/wp\/v2\/posts"}],"about":[{"href":"https:\/\/blogdoedvaldomagalhaes.com.br\/index.php\/wp-json\/wp\/v2\/types\/post"}],"author":[{"embeddable":true,"href":"https:\/\/blogdoedvaldomagalhaes.com.br\/index.php\/wp-json\/wp\/v2\/users\/1"}],"replies":[{"embeddable":true,"href":"https:\/\/blogdoedvaldomagalhaes.com.br\/index.php\/wp-json\/wp\/v2\/comments?post=3985"}],"version-history":[{"count":1,"href":"https:\/\/blogdoedvaldomagalhaes.com.br\/index.php\/wp-json\/wp\/v2\/posts\/3985\/revisions"}],"predecessor-version":[{"id":26311,"href":"https:\/\/blogdoedvaldomagalhaes.com.br\/index.php\/wp-json\/wp\/v2\/posts\/3985\/revisions\/26311"}],"wp:attachment":[{"href":"https:\/\/blogdoedvaldomagalhaes.com.br\/index.php\/wp-json\/wp\/v2\/media?parent=3985"}],"wp:term":[{"taxonomy":"category","embeddable":true,"href":"https:\/\/blogdoedvaldomagalhaes.com.br\/index.php\/wp-json\/wp\/v2\/categories?post=3985"},{"taxonomy":"post_tag","embeddable":true,"href":"https:\/\/blogdoedvaldomagalhaes.com.br\/index.php\/wp-json\/wp\/v2\/tags?post=3985"}],"curies":[{"name":"wp","href":"https:\/\/api.w.org\/{rel}","templated":true}]}}